{"id":906,"date":"2023-08-17T17:48:55","date_gmt":"2023-08-17T15:48:55","guid":{"rendered":"https:\/\/www.skauti-plzen.cz\/ookenanis\/?p=906"},"modified":"2023-08-17T17:48:55","modified_gmt":"2023-08-17T15:48:55","slug":"skadet-skauti-detem-22-9-2023","status":"publish","type":"post","link":"https:\/\/www.skauti-plzen.cz\/ookenanis\/2023\/08\/17\/skadet-skauti-detem-22-9-2023\/","title":{"rendered":"SKAD\u011aT &#8211; Skauti d\u011btem 22. 9. 2023"},"content":{"rendered":"\n<p>V\u00e1\u017een\u00ed rodi\u010de, v\u00e1\u017een\u00e9 d\u011bti,<\/p>\n\n\n\n<p>pokud nev\u00edte, co 22. z\u00e1\u0159\u00ed d\u011blat, tak pro V\u00e1s m\u00e1me \u0159e\u0161en\u00ed, jednodu\u0161e sta\u010d\u00ed p\u0159ij\u00edt mezi <strong>10:30 a\u017e 15:30 na Homolku<\/strong> a proj\u00edt si na\u0161e sportovn\u00ed stanovi\u0161t\u011b. Bu\u010f mohou z\u00e1vodit samotn\u00e9 d\u011bti, ale nemus\u00edte se v\u016fbec styd\u011bt a m\u016f\u017eete se zapojit do sportovn\u00edch discipl\u00edn i Vy.<\/p>\n\n\n\n<p>Pokud zn\u00e1te n\u011bkoho, kdo by r\u00e1d poznal skauting, alespo\u0148 z t\u00e9to jedin\u00e9 ud\u00e1losti, tak nev\u00e1hejte a vezm\u011bte ho\/je s sebou.<\/p>\n\n\n\n<p>Budeme se na V\u00e1s t\u011b\u0161it.<\/p>\n\n\n\n<figure class=\"wp-block-gallery has-nested-images columns-default is-cropped wp-block-gallery-1 is-layout-flex wp-block-gallery-is-layout-flex\">\n<figure class=\"wp-block-image size-large\"><img loading=\"lazy\" decoding=\"async\" width=\"724\" height=\"1024\" data-id=\"907\" src=\"https:\/\/www.skauti-plzen.cz\/ookenanis\/wp-content\/uploads\/sites\/2\/2023\/08\/Skadet-2023-22.-9-724x1024.png\" alt=\"\" class=\"wp-image-907\" srcset=\"https:\/\/www.skauti-plzen.cz\/ookenanis\/wp-content\/uploads\/sites\/2\/2023\/08\/Skadet-2023-22.-9-724x1024.png 724w, https:\/\/www.skauti-plzen.cz\/ookenanis\/wp-content\/uploads\/sites\/2\/2023\/08\/Skadet-2023-22.-9-212x300.png 212w, https:\/\/www.skauti-plzen.cz\/ookenanis\/wp-content\/uploads\/sites\/2\/2023\/08\/Skadet-2023-22.-9-768x1086.png 768w, https:\/\/www.skauti-plzen.cz\/ookenanis\/wp-content\/uploads\/sites\/2\/2023\/08\/Skadet-2023-22.-9-1086x1536.png 1086w, https:\/\/www.skauti-plzen.cz\/ookenanis\/wp-content\/uploads\/sites\/2\/2023\/08\/Skadet-2023-22.-9-1200x1697.png 1200w, https:\/\/www.skauti-plzen.cz\/ookenanis\/wp-content\/uploads\/sites\/2\/2023\/08\/Skadet-2023-22.-9.png 1414w\" sizes=\"auto, (max-width: 724px) 100vw, 724px\" \/><\/figure>\n<\/figure>\n","protected":false},"excerpt":{"rendered":"<p>V\u00e1\u017een\u00ed rodi\u010de, v\u00e1\u017een\u00e9 d\u011bti, pokud nev\u00edte, co 22. z\u00e1\u0159\u00ed d\u011blat, tak pro V\u00e1s m\u00e1me \u0159e\u0161en\u00ed, jednodu\u0161e sta\u010d\u00ed p\u0159ij\u00edt mezi 10:30 a\u017e 15:30 na Homolku a proj\u00edt si na\u0161e sportovn\u00ed stanovi\u0161t\u011b. Bu\u010f mohou z\u00e1vodit samotn\u00e9 d\u011bti, ale nemus\u00edte se v\u016fbec styd\u011bt a m\u016f\u017eete se zapojit do sportovn\u00edch discipl\u00edn i Vy. Pokud zn\u00e1te n\u011bkoho, kdo by r\u00e1d [&hellip;]<\/p>\n","protected":false},"author":8,"featured_media":0,"comment_status":"closed","ping_status":"closed","sticky":false,"template":"","format":"standard","meta":{"footnotes":""},"categories":[1],"tags":[],"class_list":["post-906","post","type-post","status-publish","format-standard","hentry","category-nezarazene"],"_links":{"self":[{"href":"https:\/\/www.skauti-plzen.cz\/ookenanis\/wp-json\/wp\/v2\/posts\/906","targetHints":{"allow":["GET"]}}],"collection":[{"href":"https:\/\/www.skauti-plzen.cz\/ookenanis\/wp-json\/wp\/v2\/posts"}],"about":[{"href":"https:\/\/www.skauti-plzen.cz\/ookenanis\/wp-json\/wp\/v2\/types\/post"}],"author":[{"embeddable":true,"href":"https:\/\/www.skauti-plzen.cz\/ookenanis\/wp-json\/wp\/v2\/users\/8"}],"replies":[{"embeddable":true,"href":"https:\/\/www.skauti-plzen.cz\/ookenanis\/wp-json\/wp\/v2\/comments?post=906"}],"version-history":[{"count":1,"href":"https:\/\/www.skauti-plzen.cz\/ookenanis\/wp-json\/wp\/v2\/posts\/906\/revisions"}],"predecessor-version":[{"id":908,"href":"https:\/\/www.skauti-plzen.cz\/ookenanis\/wp-json\/wp\/v2\/posts\/906\/revisions\/908"}],"wp:attachment":[{"href":"https:\/\/www.skauti-plzen.cz\/ookenanis\/wp-json\/wp\/v2\/media?parent=906"}],"wp:term":[{"taxonomy":"category","embeddable":true,"href":"https:\/\/www.skauti-plzen.cz\/ookenanis\/wp-json\/wp\/v2\/categories?post=906"},{"taxonomy":"post_tag","embeddable":true,"href":"https:\/\/www.skauti-plzen.cz\/ookenanis\/wp-json\/wp\/v2\/tags?post=906"}],"curies":[{"name":"wp","href":"https:\/\/api.w.org\/{rel}","templated":true}]}}