{"id":788,"date":"2022-08-24T12:00:32","date_gmt":"2022-08-24T10:00:32","guid":{"rendered":"https:\/\/www.skauti-plzen.cz\/ookenanis\/?p=788"},"modified":"2022-08-24T12:00:32","modified_gmt":"2022-08-24T10:00:32","slug":"strasidelny-les-2022","status":"publish","type":"post","link":"https:\/\/www.skauti-plzen.cz\/ookenanis\/2022\/08\/24\/strasidelny-les-2022\/","title":{"rendered":"Stra\u0161ideln\u00fd les 2022"},"content":{"rendered":"\n<p><strong>V p\u00e1tek 2. 9. 2022<\/strong> n\u00e1s \u010dek\u00e1 prvn\u00ed akce skautsk\u00e9ho roku 2022\/2023 <strong>Stra\u0161ideln\u00fd les<\/strong>. Tato akce je p\u0159ipravov\u00e1na i pro ve\u0159ejnost, tak\u017ee m\u016f\u017eete vz\u00edt sv\u00e9 kamar\u00e1dky nebo sourozence a vyrazit na cestu plnou stra\u0161idel! <\/p>\n\n\n\n<figure class=\"wp-block-image size-large\"><img loading=\"lazy\" decoding=\"async\" width=\"724\" height=\"1024\" src=\"https:\/\/www.skauti-plzen.cz\/ookenanis\/wp-content\/uploads\/sites\/2\/2022\/08\/Strales_2022-724x1024.jpg\" alt=\"\" class=\"wp-image-789\" srcset=\"https:\/\/www.skauti-plzen.cz\/ookenanis\/wp-content\/uploads\/sites\/2\/2022\/08\/Strales_2022-724x1024.jpg 724w, https:\/\/www.skauti-plzen.cz\/ookenanis\/wp-content\/uploads\/sites\/2\/2022\/08\/Strales_2022-212x300.jpg 212w, https:\/\/www.skauti-plzen.cz\/ookenanis\/wp-content\/uploads\/sites\/2\/2022\/08\/Strales_2022-768x1086.jpg 768w, https:\/\/www.skauti-plzen.cz\/ookenanis\/wp-content\/uploads\/sites\/2\/2022\/08\/Strales_2022-1086x1536.jpg 1086w, https:\/\/www.skauti-plzen.cz\/ookenanis\/wp-content\/uploads\/sites\/2\/2022\/08\/Strales_2022-1200x1697.jpg 1200w, https:\/\/www.skauti-plzen.cz\/ookenanis\/wp-content\/uploads\/sites\/2\/2022\/08\/Strales_2022.jpg 1414w\" sizes=\"auto, (max-width: 724px) 100vw, 724px\" \/><\/figure>\n","protected":false},"excerpt":{"rendered":"<p>V p\u00e1tek 2. 9. 2022 n\u00e1s \u010dek\u00e1 prvn\u00ed akce skautsk\u00e9ho roku 2022\/2023 Stra\u0161ideln\u00fd les. Tato akce je p\u0159ipravov\u00e1na i pro ve\u0159ejnost, tak\u017ee m\u016f\u017eete vz\u00edt sv\u00e9 kamar\u00e1dky nebo sourozence a vyrazit na cestu plnou stra\u0161idel!<\/p>\n","protected":false},"author":8,"featured_media":0,"comment_status":"closed","ping_status":"closed","sticky":false,"template":"","format":"standard","meta":{"footnotes":""},"categories":[1],"tags":[],"class_list":["post-788","post","type-post","status-publish","format-standard","hentry","category-nezarazene"],"_links":{"self":[{"href":"https:\/\/www.skauti-plzen.cz\/ookenanis\/wp-json\/wp\/v2\/posts\/788","targetHints":{"allow":["GET"]}}],"collection":[{"href":"https:\/\/www.skauti-plzen.cz\/ookenanis\/wp-json\/wp\/v2\/posts"}],"about":[{"href":"https:\/\/www.skauti-plzen.cz\/ookenanis\/wp-json\/wp\/v2\/types\/post"}],"author":[{"embeddable":true,"href":"https:\/\/www.skauti-plzen.cz\/ookenanis\/wp-json\/wp\/v2\/users\/8"}],"replies":[{"embeddable":true,"href":"https:\/\/www.skauti-plzen.cz\/ookenanis\/wp-json\/wp\/v2\/comments?post=788"}],"version-history":[{"count":1,"href":"https:\/\/www.skauti-plzen.cz\/ookenanis\/wp-json\/wp\/v2\/posts\/788\/revisions"}],"predecessor-version":[{"id":790,"href":"https:\/\/www.skauti-plzen.cz\/ookenanis\/wp-json\/wp\/v2\/posts\/788\/revisions\/790"}],"wp:attachment":[{"href":"https:\/\/www.skauti-plzen.cz\/ookenanis\/wp-json\/wp\/v2\/media?parent=788"}],"wp:term":[{"taxonomy":"category","embeddable":true,"href":"https:\/\/www.skauti-plzen.cz\/ookenanis\/wp-json\/wp\/v2\/categories?post=788"},{"taxonomy":"post_tag","embeddable":true,"href":"https:\/\/www.skauti-plzen.cz\/ookenanis\/wp-json\/wp\/v2\/tags?post=788"}],"curies":[{"name":"wp","href":"https:\/\/api.w.org\/{rel}","templated":true}]}}