{"id":724,"date":"2022-02-08T19:35:07","date_gmt":"2022-02-08T18:35:07","guid":{"rendered":"https:\/\/www.skauti-plzen.cz\/ookenanis\/?p=724"},"modified":"2022-02-08T19:35:07","modified_gmt":"2022-02-08T18:35:07","slug":"den-sesterstvi","status":"publish","type":"post","link":"https:\/\/www.skauti-plzen.cz\/ookenanis\/2022\/02\/08\/den-sesterstvi\/","title":{"rendered":"Den sesterstv\u00ed"},"content":{"rendered":"\n<p class=\"has-text-align-center\">P\u0159ij\u010fte s n\u00e1mi oslavit <strong>22. 2. 2022 Den sesterstv\u00ed<\/strong> &#8211; den narozen\u00ed zakladatele skautingu <strong>Roberta Badena-Powella <\/strong>a jeho man\u017eelky, zakladatelky skautingu pro d\u00edvky <strong>Olave Baden-Powell<\/strong>. <\/p>\n\n\n\n<figure class=\"wp-block-gallery columns-1 is-cropped wp-block-gallery-1 is-layout-flex wp-block-gallery-is-layout-flex\"><ul class=\"blocks-gallery-grid\"><li class=\"blocks-gallery-item\"><figure><img loading=\"lazy\" decoding=\"async\" width=\"1024\" height=\"698\" src=\"https:\/\/www.skauti-plzen.cz\/ookenanis\/wp-content\/uploads\/sites\/2\/2022\/02\/Den-sesterstvi-2022-1024x698.jpg\" alt=\"\" data-id=\"725\" data-full-url=\"https:\/\/www.skauti-plzen.cz\/ookenanis\/wp-content\/uploads\/sites\/2\/2022\/02\/Den-sesterstvi-2022.jpg\" data-link=\"https:\/\/www.skauti-plzen.cz\/ookenanis\/?attachment_id=725\" class=\"wp-image-725\" srcset=\"https:\/\/www.skauti-plzen.cz\/ookenanis\/wp-content\/uploads\/sites\/2\/2022\/02\/Den-sesterstvi-2022-1024x698.jpg 1024w, https:\/\/www.skauti-plzen.cz\/ookenanis\/wp-content\/uploads\/sites\/2\/2022\/02\/Den-sesterstvi-2022-300x205.jpg 300w, https:\/\/www.skauti-plzen.cz\/ookenanis\/wp-content\/uploads\/sites\/2\/2022\/02\/Den-sesterstvi-2022-768x524.jpg 768w, https:\/\/www.skauti-plzen.cz\/ookenanis\/wp-content\/uploads\/sites\/2\/2022\/02\/Den-sesterstvi-2022-1536x1048.jpg 1536w, https:\/\/www.skauti-plzen.cz\/ookenanis\/wp-content\/uploads\/sites\/2\/2022\/02\/Den-sesterstvi-2022-2048x1397.jpg 2048w, https:\/\/www.skauti-plzen.cz\/ookenanis\/wp-content\/uploads\/sites\/2\/2022\/02\/Den-sesterstvi-2022-1200x818.jpg 1200w, https:\/\/www.skauti-plzen.cz\/ookenanis\/wp-content\/uploads\/sites\/2\/2022\/02\/Den-sesterstvi-2022-1980x1350.jpg 1980w\" sizes=\"auto, (max-width: 1024px) 100vw, 1024px\" \/><\/figure><\/li><\/ul><\/figure>\n","protected":false},"excerpt":{"rendered":"<p>P\u0159ij\u010fte s n\u00e1mi oslavit 22. 2. 2022 Den sesterstv\u00ed &#8211; den narozen\u00ed zakladatele skautingu Roberta Badena-Powella a jeho man\u017eelky, zakladatelky skautingu pro d\u00edvky Olave Baden-Powell.<\/p>\n","protected":false},"author":15,"featured_media":0,"comment_status":"closed","ping_status":"closed","sticky":false,"template":"","format":"standard","meta":{"footnotes":""},"categories":[1],"tags":[],"class_list":["post-724","post","type-post","status-publish","format-standard","hentry","category-nezarazene"],"_links":{"self":[{"href":"https:\/\/www.skauti-plzen.cz\/ookenanis\/wp-json\/wp\/v2\/posts\/724","targetHints":{"allow":["GET"]}}],"collection":[{"href":"https:\/\/www.skauti-plzen.cz\/ookenanis\/wp-json\/wp\/v2\/posts"}],"about":[{"href":"https:\/\/www.skauti-plzen.cz\/ookenanis\/wp-json\/wp\/v2\/types\/post"}],"author":[{"embeddable":true,"href":"https:\/\/www.skauti-plzen.cz\/ookenanis\/wp-json\/wp\/v2\/users\/15"}],"replies":[{"embeddable":true,"href":"https:\/\/www.skauti-plzen.cz\/ookenanis\/wp-json\/wp\/v2\/comments?post=724"}],"version-history":[{"count":2,"href":"https:\/\/www.skauti-plzen.cz\/ookenanis\/wp-json\/wp\/v2\/posts\/724\/revisions"}],"predecessor-version":[{"id":727,"href":"https:\/\/www.skauti-plzen.cz\/ookenanis\/wp-json\/wp\/v2\/posts\/724\/revisions\/727"}],"wp:attachment":[{"href":"https:\/\/www.skauti-plzen.cz\/ookenanis\/wp-json\/wp\/v2\/media?parent=724"}],"wp:term":[{"taxonomy":"category","embeddable":true,"href":"https:\/\/www.skauti-plzen.cz\/ookenanis\/wp-json\/wp\/v2\/categories?post=724"},{"taxonomy":"post_tag","embeddable":true,"href":"https:\/\/www.skauti-plzen.cz\/ookenanis\/wp-json\/wp\/v2\/tags?post=724"}],"curies":[{"name":"wp","href":"https:\/\/api.w.org\/{rel}","templated":true}]}}