{"id":1136,"date":"2024-10-08T18:24:58","date_gmt":"2024-10-08T16:24:58","guid":{"rendered":"https:\/\/www.skauti-plzen.cz\/ookenanis\/?p=1136"},"modified":"2024-10-08T18:24:58","modified_gmt":"2024-10-08T16:24:58","slug":"rijnove-vypravy","status":"publish","type":"post","link":"https:\/\/www.skauti-plzen.cz\/ookenanis\/2024\/10\/08\/rijnove-vypravy\/","title":{"rendered":"\u0158\u00edjnov\u00e9 v\u00fdpravy"},"content":{"rendered":"\n<p class=\"has-text-align-center\">Skauti a skautky s n\u00e1mi vyraz\u00ed za histori\u00ed \u010ceskoslovenska! <\/p>\n\n\n\n<figure class=\"wp-block-image size-large\"><img loading=\"lazy\" decoding=\"async\" width=\"1024\" height=\"585\" src=\"https:\/\/www.skauti-plzen.cz\/ookenanis\/wp-content\/uploads\/sites\/2\/2024\/10\/Unknown-4-1024x585.jpg\" alt=\"\" class=\"wp-image-1139\" srcset=\"https:\/\/www.skauti-plzen.cz\/ookenanis\/wp-content\/uploads\/sites\/2\/2024\/10\/Unknown-4-1024x585.jpg 1024w, https:\/\/www.skauti-plzen.cz\/ookenanis\/wp-content\/uploads\/sites\/2\/2024\/10\/Unknown-4-300x171.jpg 300w, https:\/\/www.skauti-plzen.cz\/ookenanis\/wp-content\/uploads\/sites\/2\/2024\/10\/Unknown-4-768x439.jpg 768w, https:\/\/www.skauti-plzen.cz\/ookenanis\/wp-content\/uploads\/sites\/2\/2024\/10\/Unknown-4.jpg 1050w\" sizes=\"auto, (max-width: 1024px) 100vw, 1024px\" \/><\/figure>\n\n\n\n<p class=\"has-text-align-center\">Sv\u011btlu\u0161ky a vl\u010data si pojedou u\u017e\u00edt podzimn\u00ed p\u0159\u00edrodu!<\/p>\n\n\n\n<figure class=\"wp-block-image size-large\"><img loading=\"lazy\" decoding=\"async\" width=\"1024\" height=\"1024\" src=\"https:\/\/www.skauti-plzen.cz\/ookenanis\/wp-content\/uploads\/sites\/2\/2024\/10\/Rijnova-vyprava-vlcat-a-svetl-usek_20241006_150150_0000-1024x1024.png\" alt=\"\" class=\"wp-image-1138\" srcset=\"https:\/\/www.skauti-plzen.cz\/ookenanis\/wp-content\/uploads\/sites\/2\/2024\/10\/Rijnova-vyprava-vlcat-a-svetl-usek_20241006_150150_0000-1024x1024.png 1024w, https:\/\/www.skauti-plzen.cz\/ookenanis\/wp-content\/uploads\/sites\/2\/2024\/10\/Rijnova-vyprava-vlcat-a-svetl-usek_20241006_150150_0000-300x300.png 300w, https:\/\/www.skauti-plzen.cz\/ookenanis\/wp-content\/uploads\/sites\/2\/2024\/10\/Rijnova-vyprava-vlcat-a-svetl-usek_20241006_150150_0000-150x150.png 150w, https:\/\/www.skauti-plzen.cz\/ookenanis\/wp-content\/uploads\/sites\/2\/2024\/10\/Rijnova-vyprava-vlcat-a-svetl-usek_20241006_150150_0000-768x768.png 768w, https:\/\/www.skauti-plzen.cz\/ookenanis\/wp-content\/uploads\/sites\/2\/2024\/10\/Rijnova-vyprava-vlcat-a-svetl-usek_20241006_150150_0000.png 1080w\" sizes=\"auto, (max-width: 1024px) 100vw, 1024px\" \/><\/figure>\n","protected":false},"excerpt":{"rendered":"<p>Skauti a skautky s n\u00e1mi vyraz\u00ed za histori\u00ed \u010ceskoslovenska! Sv\u011btlu\u0161ky a vl\u010data si pojedou u\u017e\u00edt podzimn\u00ed p\u0159\u00edrodu!<\/p>\n","protected":false},"author":15,"featured_media":0,"comment_status":"closed","ping_status":"closed","sticky":false,"template":"","format":"standard","meta":{"footnotes":""},"categories":[1],"tags":[],"class_list":["post-1136","post","type-post","status-publish","format-standard","hentry","category-nezarazene"],"_links":{"self":[{"href":"https:\/\/www.skauti-plzen.cz\/ookenanis\/wp-json\/wp\/v2\/posts\/1136","targetHints":{"allow":["GET"]}}],"collection":[{"href":"https:\/\/www.skauti-plzen.cz\/ookenanis\/wp-json\/wp\/v2\/posts"}],"about":[{"href":"https:\/\/www.skauti-plzen.cz\/ookenanis\/wp-json\/wp\/v2\/types\/post"}],"author":[{"embeddable":true,"href":"https:\/\/www.skauti-plzen.cz\/ookenanis\/wp-json\/wp\/v2\/users\/15"}],"replies":[{"embeddable":true,"href":"https:\/\/www.skauti-plzen.cz\/ookenanis\/wp-json\/wp\/v2\/comments?post=1136"}],"version-history":[{"count":1,"href":"https:\/\/www.skauti-plzen.cz\/ookenanis\/wp-json\/wp\/v2\/posts\/1136\/revisions"}],"predecessor-version":[{"id":1140,"href":"https:\/\/www.skauti-plzen.cz\/ookenanis\/wp-json\/wp\/v2\/posts\/1136\/revisions\/1140"}],"wp:attachment":[{"href":"https:\/\/www.skauti-plzen.cz\/ookenanis\/wp-json\/wp\/v2\/media?parent=1136"}],"wp:term":[{"taxonomy":"category","embeddable":true,"href":"https:\/\/www.skauti-plzen.cz\/ookenanis\/wp-json\/wp\/v2\/categories?post=1136"},{"taxonomy":"post_tag","embeddable":true,"href":"https:\/\/www.skauti-plzen.cz\/ookenanis\/wp-json\/wp\/v2\/tags?post=1136"}],"curies":[{"name":"wp","href":"https:\/\/api.w.org\/{rel}","templated":true}]}}