{"id":965,"date":"2023-12-15T15:19:52","date_gmt":"2023-12-15T14:19:52","guid":{"rendered":"https:\/\/www.skauti-plzen.cz\/modryutes\/?p=965"},"modified":"2023-12-15T15:19:52","modified_gmt":"2023-12-15T14:19:52","slug":"betlemske-svetlo-2","status":"publish","type":"post","link":"https:\/\/www.skauti-plzen.cz\/modryutes\/2023\/12\/15\/betlemske-svetlo-2\/","title":{"rendered":"Betl\u00e9msk\u00e9 sv\u011btlo"},"content":{"rendered":"\n<p>V\u00e1\u017een\u00ed rodi\u010de,<\/p>\n\n\n\n<p>letos, ostatn\u011b jako ka\u017ed\u00fd rok, se chyst\u00e1me rozn\u00e1\u0161et betl\u00e9msk\u00e9 sv\u011btlo, a to 23. 12. od 13 do 18 hodin. Budeme r\u00e1di, kdy\u017e se k n\u00e1m d\u011bti p\u0159idaj\u00ed a spole\u010dn\u011b n\u011bkoho pot\u011b\u0161\u00edme sv\u011btlem z Betl\u00e9ma.<\/p>\n\n\n\n<figure class=\"wp-block-image size-large\"><img loading=\"lazy\" decoding=\"async\" width=\"724\" height=\"1024\" src=\"https:\/\/www.skauti-plzen.cz\/modryutes\/wp-content\/uploads\/sites\/3\/2023\/12\/Betlemske-svetylko_2023.pdf-724x1024.png\" alt=\"\" class=\"wp-image-966\" srcset=\"https:\/\/www.skauti-plzen.cz\/modryutes\/wp-content\/uploads\/sites\/3\/2023\/12\/Betlemske-svetylko_2023.pdf-724x1024.png 724w, https:\/\/www.skauti-plzen.cz\/modryutes\/wp-content\/uploads\/sites\/3\/2023\/12\/Betlemske-svetylko_2023.pdf-212x300.png 212w, https:\/\/www.skauti-plzen.cz\/modryutes\/wp-content\/uploads\/sites\/3\/2023\/12\/Betlemske-svetylko_2023.pdf-768x1086.png 768w, https:\/\/www.skauti-plzen.cz\/modryutes\/wp-content\/uploads\/sites\/3\/2023\/12\/Betlemske-svetylko_2023.pdf-1086x1536.png 1086w, https:\/\/www.skauti-plzen.cz\/modryutes\/wp-content\/uploads\/sites\/3\/2023\/12\/Betlemske-svetylko_2023.pdf-1200x1697.png 1200w, https:\/\/www.skauti-plzen.cz\/modryutes\/wp-content\/uploads\/sites\/3\/2023\/12\/Betlemske-svetylko_2023.pdf.png 1414w\" sizes=\"auto, (max-width: 724px) 100vw, 724px\" \/><\/figure>\n","protected":false},"excerpt":{"rendered":"<p>V\u00e1\u017een\u00ed rodi\u010de, letos, ostatn\u011b jako ka\u017ed\u00fd rok, se chyst\u00e1me rozn\u00e1\u0161et betl\u00e9msk\u00e9 sv\u011btlo, a to 23. 12. od 13 do 18 hodin. Budeme r\u00e1di, kdy\u017e se k n\u00e1m d\u011bti p\u0159idaj\u00ed a spole\u010dn\u011b n\u011bkoho pot\u011b\u0161\u00edme sv\u011btlem z Betl\u00e9ma.<\/p>\n","protected":false},"author":9,"featured_media":0,"comment_status":"closed","ping_status":"closed","sticky":false,"template":"","format":"standard","meta":{"footnotes":""},"categories":[1],"tags":[],"class_list":["post-965","post","type-post","status-publish","format-standard","hentry","category-nezarazene"],"_links":{"self":[{"href":"https:\/\/www.skauti-plzen.cz\/modryutes\/wp-json\/wp\/v2\/posts\/965","targetHints":{"allow":["GET"]}}],"collection":[{"href":"https:\/\/www.skauti-plzen.cz\/modryutes\/wp-json\/wp\/v2\/posts"}],"about":[{"href":"https:\/\/www.skauti-plzen.cz\/modryutes\/wp-json\/wp\/v2\/types\/post"}],"author":[{"embeddable":true,"href":"https:\/\/www.skauti-plzen.cz\/modryutes\/wp-json\/wp\/v2\/users\/9"}],"replies":[{"embeddable":true,"href":"https:\/\/www.skauti-plzen.cz\/modryutes\/wp-json\/wp\/v2\/comments?post=965"}],"version-history":[{"count":1,"href":"https:\/\/www.skauti-plzen.cz\/modryutes\/wp-json\/wp\/v2\/posts\/965\/revisions"}],"predecessor-version":[{"id":967,"href":"https:\/\/www.skauti-plzen.cz\/modryutes\/wp-json\/wp\/v2\/posts\/965\/revisions\/967"}],"wp:attachment":[{"href":"https:\/\/www.skauti-plzen.cz\/modryutes\/wp-json\/wp\/v2\/media?parent=965"}],"wp:term":[{"taxonomy":"category","embeddable":true,"href":"https:\/\/www.skauti-plzen.cz\/modryutes\/wp-json\/wp\/v2\/categories?post=965"},{"taxonomy":"post_tag","embeddable":true,"href":"https:\/\/www.skauti-plzen.cz\/modryutes\/wp-json\/wp\/v2\/tags?post=965"}],"curies":[{"name":"wp","href":"https:\/\/api.w.org\/{rel}","templated":true}]}}