{"id":960,"date":"2023-12-01T09:52:29","date_gmt":"2023-12-01T08:52:29","guid":{"rendered":"https:\/\/www.skauti-plzen.cz\/modryutes\/?p=960"},"modified":"2023-12-01T09:52:29","modified_gmt":"2023-12-01T08:52:29","slug":"vanocni-vyprava-2","status":"publish","type":"post","link":"https:\/\/www.skauti-plzen.cz\/modryutes\/2023\/12\/01\/vanocni-vyprava-2\/","title":{"rendered":"V\u00e1no\u010dn\u00ed v\u00fdprava"},"content":{"rendered":"\n<p>V\u00e1\u017een\u00ed rodi\u010de,<\/p>\n\n\n\n<p>dovolujeme si nab\u00eddnou pozv\u00e1nku na p\u0159edposledn\u00ed akci v tomto roce, tedy V\u00e1no\u010dn\u00ed v\u00fdpravu. Pojedeme b\u011bhem n\u00ed do T\u011bnovic, kde si s d\u011btmi upe\u010deme cukrov\u00ed, rozd\u00e1me si n\u011bjak\u00e9 d\u00e1re\u010dky, ozdob\u00edme strome\u010dek, a to vlastnoru\u010dn\u011b vyroben\u00fdmi ozdobami, pro\u017eijeme n\u011bjak\u00e9 v\u00e1no\u010dn\u00ed tradice, zazp\u00edv\u00e1me si kolegy, zkr\u00e1tka sen \ud83d\ude42<\/p>\n\n\n\n<figure class=\"wp-block-image size-large\"><img loading=\"lazy\" decoding=\"async\" width=\"724\" height=\"1024\" src=\"https:\/\/www.skauti-plzen.cz\/modryutes\/wp-content\/uploads\/sites\/3\/2023\/12\/vanocni-vyprava-2023-tenovice-1-724x1024.png\" alt=\"\" class=\"wp-image-961\" srcset=\"https:\/\/www.skauti-plzen.cz\/modryutes\/wp-content\/uploads\/sites\/3\/2023\/12\/vanocni-vyprava-2023-tenovice-1-724x1024.png 724w, https:\/\/www.skauti-plzen.cz\/modryutes\/wp-content\/uploads\/sites\/3\/2023\/12\/vanocni-vyprava-2023-tenovice-1-212x300.png 212w, https:\/\/www.skauti-plzen.cz\/modryutes\/wp-content\/uploads\/sites\/3\/2023\/12\/vanocni-vyprava-2023-tenovice-1-768x1086.png 768w, https:\/\/www.skauti-plzen.cz\/modryutes\/wp-content\/uploads\/sites\/3\/2023\/12\/vanocni-vyprava-2023-tenovice-1-1086x1536.png 1086w, https:\/\/www.skauti-plzen.cz\/modryutes\/wp-content\/uploads\/sites\/3\/2023\/12\/vanocni-vyprava-2023-tenovice-1-1200x1697.png 1200w, https:\/\/www.skauti-plzen.cz\/modryutes\/wp-content\/uploads\/sites\/3\/2023\/12\/vanocni-vyprava-2023-tenovice-1.png 1414w\" sizes=\"auto, (max-width: 724px) 100vw, 724px\" \/><\/figure>\n","protected":false},"excerpt":{"rendered":"<p>V\u00e1\u017een\u00ed rodi\u010de, dovolujeme si nab\u00eddnou pozv\u00e1nku na p\u0159edposledn\u00ed akci v tomto roce, tedy V\u00e1no\u010dn\u00ed v\u00fdpravu. Pojedeme b\u011bhem n\u00ed do T\u011bnovic, kde si s d\u011btmi upe\u010deme cukrov\u00ed, rozd\u00e1me si n\u011bjak\u00e9 d\u00e1re\u010dky, ozdob\u00edme strome\u010dek, a to vlastnoru\u010dn\u011b vyroben\u00fdmi ozdobami, pro\u017eijeme n\u011bjak\u00e9 v\u00e1no\u010dn\u00ed tradice, zazp\u00edv\u00e1me si kolegy, zkr\u00e1tka sen \ud83d\ude42<\/p>\n","protected":false},"author":9,"featured_media":0,"comment_status":"closed","ping_status":"closed","sticky":false,"template":"","format":"standard","meta":{"footnotes":""},"categories":[1],"tags":[],"class_list":["post-960","post","type-post","status-publish","format-standard","hentry","category-nezarazene"],"_links":{"self":[{"href":"https:\/\/www.skauti-plzen.cz\/modryutes\/wp-json\/wp\/v2\/posts\/960","targetHints":{"allow":["GET"]}}],"collection":[{"href":"https:\/\/www.skauti-plzen.cz\/modryutes\/wp-json\/wp\/v2\/posts"}],"about":[{"href":"https:\/\/www.skauti-plzen.cz\/modryutes\/wp-json\/wp\/v2\/types\/post"}],"author":[{"embeddable":true,"href":"https:\/\/www.skauti-plzen.cz\/modryutes\/wp-json\/wp\/v2\/users\/9"}],"replies":[{"embeddable":true,"href":"https:\/\/www.skauti-plzen.cz\/modryutes\/wp-json\/wp\/v2\/comments?post=960"}],"version-history":[{"count":1,"href":"https:\/\/www.skauti-plzen.cz\/modryutes\/wp-json\/wp\/v2\/posts\/960\/revisions"}],"predecessor-version":[{"id":962,"href":"https:\/\/www.skauti-plzen.cz\/modryutes\/wp-json\/wp\/v2\/posts\/960\/revisions\/962"}],"wp:attachment":[{"href":"https:\/\/www.skauti-plzen.cz\/modryutes\/wp-json\/wp\/v2\/media?parent=960"}],"wp:term":[{"taxonomy":"category","embeddable":true,"href":"https:\/\/www.skauti-plzen.cz\/modryutes\/wp-json\/wp\/v2\/categories?post=960"},{"taxonomy":"post_tag","embeddable":true,"href":"https:\/\/www.skauti-plzen.cz\/modryutes\/wp-json\/wp\/v2\/tags?post=960"}],"curies":[{"name":"wp","href":"https:\/\/api.w.org\/{rel}","templated":true}]}}