{"id":941,"date":"2023-11-03T23:29:06","date_gmt":"2023-11-03T22:29:06","guid":{"rendered":"https:\/\/www.skauti-plzen.cz\/modryutes\/?p=941"},"modified":"2023-11-03T23:29:06","modified_gmt":"2023-11-03T22:29:06","slug":"vyprava-skautek-a-skautu-na-korab","status":"publish","type":"post","link":"https:\/\/www.skauti-plzen.cz\/modryutes\/2023\/11\/03\/vyprava-skautek-a-skautu-na-korab\/","title":{"rendered":"V\u00fdprava skautek a skaut\u016f na Kor\u00e1b"},"content":{"rendered":"\n<p>V\u00e1\u017een\u00ed rodi\u010de,<\/p>\n\n\n\n<p>by\u0165 n\u00e1zev m\u016f\u017ee napov\u00eddat, \u017ee se Khepera a Rychl\u00edci vyprav\u00ed na akci, kter\u00e1 bude ve v\u00fd\u0161kov\u00e9m rozmez\u00ed mezi 20 &#8211; 100 metry nadmo\u0159sk\u00e9 v\u00fd\u0161ky, opak je pravdou, b\u011bhem podzimn\u00ed v\u00fdpravy, toti\u017e nebudou na pl\u00e1\u017ei, av\u0161ak nav\u0161t\u00edv\u00ed nap\u0159\u00edklad rozhlednu Kor\u00e1b. Akce se kon\u00e1 v term\u00ednu 16. &#8211; 19. listopadu. Budeme se na v\u0161echny \u00fa\u010dastnice a \u00fa\u010dastn\u00edky t\u011b\u0161it.<\/p>\n\n\n\n<figure class=\"wp-block-image size-full\"><img loading=\"lazy\" decoding=\"async\" width=\"556\" height=\"785\" src=\"https:\/\/www.skauti-plzen.cz\/modryutes\/wp-content\/uploads\/sites\/3\/2023\/11\/Vyprava-skautu-a-skautek_listopad.png\" alt=\"\" class=\"wp-image-942\" srcset=\"https:\/\/www.skauti-plzen.cz\/modryutes\/wp-content\/uploads\/sites\/3\/2023\/11\/Vyprava-skautu-a-skautek_listopad.png 556w, https:\/\/www.skauti-plzen.cz\/modryutes\/wp-content\/uploads\/sites\/3\/2023\/11\/Vyprava-skautu-a-skautek_listopad-212x300.png 212w\" sizes=\"auto, (max-width: 556px) 100vw, 556px\" \/><\/figure>\n","protected":false},"excerpt":{"rendered":"<p>V\u00e1\u017een\u00ed rodi\u010de, by\u0165 n\u00e1zev m\u016f\u017ee napov\u00eddat, \u017ee se Khepera a Rychl\u00edci vyprav\u00ed na akci, kter\u00e1 bude ve v\u00fd\u0161kov\u00e9m rozmez\u00ed mezi 20 &#8211; 100 metry nadmo\u0159sk\u00e9 v\u00fd\u0161ky, opak je pravdou, b\u011bhem podzimn\u00ed v\u00fdpravy, toti\u017e nebudou na pl\u00e1\u017ei, av\u0161ak nav\u0161t\u00edv\u00ed nap\u0159\u00edklad rozhlednu Kor\u00e1b. Akce se kon\u00e1 v term\u00ednu 16. &#8211; 19. listopadu. Budeme se na v\u0161echny \u00fa\u010dastnice [&hellip;]<\/p>\n","protected":false},"author":9,"featured_media":0,"comment_status":"closed","ping_status":"closed","sticky":false,"template":"","format":"standard","meta":{"footnotes":""},"categories":[1],"tags":[],"class_list":["post-941","post","type-post","status-publish","format-standard","hentry","category-nezarazene"],"_links":{"self":[{"href":"https:\/\/www.skauti-plzen.cz\/modryutes\/wp-json\/wp\/v2\/posts\/941","targetHints":{"allow":["GET"]}}],"collection":[{"href":"https:\/\/www.skauti-plzen.cz\/modryutes\/wp-json\/wp\/v2\/posts"}],"about":[{"href":"https:\/\/www.skauti-plzen.cz\/modryutes\/wp-json\/wp\/v2\/types\/post"}],"author":[{"embeddable":true,"href":"https:\/\/www.skauti-plzen.cz\/modryutes\/wp-json\/wp\/v2\/users\/9"}],"replies":[{"embeddable":true,"href":"https:\/\/www.skauti-plzen.cz\/modryutes\/wp-json\/wp\/v2\/comments?post=941"}],"version-history":[{"count":1,"href":"https:\/\/www.skauti-plzen.cz\/modryutes\/wp-json\/wp\/v2\/posts\/941\/revisions"}],"predecessor-version":[{"id":943,"href":"https:\/\/www.skauti-plzen.cz\/modryutes\/wp-json\/wp\/v2\/posts\/941\/revisions\/943"}],"wp:attachment":[{"href":"https:\/\/www.skauti-plzen.cz\/modryutes\/wp-json\/wp\/v2\/media?parent=941"}],"wp:term":[{"taxonomy":"category","embeddable":true,"href":"https:\/\/www.skauti-plzen.cz\/modryutes\/wp-json\/wp\/v2\/categories?post=941"},{"taxonomy":"post_tag","embeddable":true,"href":"https:\/\/www.skauti-plzen.cz\/modryutes\/wp-json\/wp\/v2\/tags?post=941"}],"curies":[{"name":"wp","href":"https:\/\/api.w.org\/{rel}","templated":true}]}}