{"id":938,"date":"2023-11-03T23:24:26","date_gmt":"2023-11-03T22:24:26","guid":{"rendered":"https:\/\/www.skauti-plzen.cz\/modryutes\/?p=938"},"modified":"2023-11-03T23:24:26","modified_gmt":"2023-11-03T22:24:26","slug":"vyprava-listicek-do-tachova","status":"publish","type":"post","link":"https:\/\/www.skauti-plzen.cz\/modryutes\/2023\/11\/03\/vyprava-listicek-do-tachova\/","title":{"rendered":"V\u00fdprava Li\u0161ti\u010dek do Tachova"},"content":{"rendered":"\n<p>V\u00e1\u017een\u00ed rodi\u010de,<\/p>\n\n\n\n<p>typick\u00fd podzimn\u00ed m\u011bs\u00edc si u\u017eije dru\u017eina Li\u0161ti\u010dek v Tachov\u011b, a to na v\u00edkendov\u00e9 v\u00fdprav\u011b, kter\u00e1 se bude konat v term\u00ednu 17. &#8211; 19. listopadu. V\u011b\u0159\u00edme, \u017ee \u00fa\u010dast bude hojn\u00e1 \ud83d\ude42<\/p>\n\n\n\n<figure class=\"wp-block-image size-large\"><img loading=\"lazy\" decoding=\"async\" width=\"724\" height=\"1024\" src=\"https:\/\/www.skauti-plzen.cz\/modryutes\/wp-content\/uploads\/sites\/3\/2023\/11\/Vyprava-do-Tachova-724x1024.png\" alt=\"\" class=\"wp-image-939\" srcset=\"https:\/\/www.skauti-plzen.cz\/modryutes\/wp-content\/uploads\/sites\/3\/2023\/11\/Vyprava-do-Tachova-724x1024.png 724w, https:\/\/www.skauti-plzen.cz\/modryutes\/wp-content\/uploads\/sites\/3\/2023\/11\/Vyprava-do-Tachova-212x300.png 212w, https:\/\/www.skauti-plzen.cz\/modryutes\/wp-content\/uploads\/sites\/3\/2023\/11\/Vyprava-do-Tachova-768x1086.png 768w, https:\/\/www.skauti-plzen.cz\/modryutes\/wp-content\/uploads\/sites\/3\/2023\/11\/Vyprava-do-Tachova-1086x1536.png 1086w, https:\/\/www.skauti-plzen.cz\/modryutes\/wp-content\/uploads\/sites\/3\/2023\/11\/Vyprava-do-Tachova-1200x1697.png 1200w, https:\/\/www.skauti-plzen.cz\/modryutes\/wp-content\/uploads\/sites\/3\/2023\/11\/Vyprava-do-Tachova.png 1414w\" sizes=\"auto, (max-width: 724px) 100vw, 724px\" \/><\/figure>\n","protected":false},"excerpt":{"rendered":"<p>V\u00e1\u017een\u00ed rodi\u010de, typick\u00fd podzimn\u00ed m\u011bs\u00edc si u\u017eije dru\u017eina Li\u0161ti\u010dek v Tachov\u011b, a to na v\u00edkendov\u00e9 v\u00fdprav\u011b, kter\u00e1 se bude konat v term\u00ednu 17. &#8211; 19. listopadu. V\u011b\u0159\u00edme, \u017ee \u00fa\u010dast bude hojn\u00e1 \ud83d\ude42<\/p>\n","protected":false},"author":9,"featured_media":0,"comment_status":"closed","ping_status":"closed","sticky":false,"template":"","format":"standard","meta":{"footnotes":""},"categories":[1],"tags":[],"class_list":["post-938","post","type-post","status-publish","format-standard","hentry","category-nezarazene"],"_links":{"self":[{"href":"https:\/\/www.skauti-plzen.cz\/modryutes\/wp-json\/wp\/v2\/posts\/938","targetHints":{"allow":["GET"]}}],"collection":[{"href":"https:\/\/www.skauti-plzen.cz\/modryutes\/wp-json\/wp\/v2\/posts"}],"about":[{"href":"https:\/\/www.skauti-plzen.cz\/modryutes\/wp-json\/wp\/v2\/types\/post"}],"author":[{"embeddable":true,"href":"https:\/\/www.skauti-plzen.cz\/modryutes\/wp-json\/wp\/v2\/users\/9"}],"replies":[{"embeddable":true,"href":"https:\/\/www.skauti-plzen.cz\/modryutes\/wp-json\/wp\/v2\/comments?post=938"}],"version-history":[{"count":1,"href":"https:\/\/www.skauti-plzen.cz\/modryutes\/wp-json\/wp\/v2\/posts\/938\/revisions"}],"predecessor-version":[{"id":940,"href":"https:\/\/www.skauti-plzen.cz\/modryutes\/wp-json\/wp\/v2\/posts\/938\/revisions\/940"}],"wp:attachment":[{"href":"https:\/\/www.skauti-plzen.cz\/modryutes\/wp-json\/wp\/v2\/media?parent=938"}],"wp:term":[{"taxonomy":"category","embeddable":true,"href":"https:\/\/www.skauti-plzen.cz\/modryutes\/wp-json\/wp\/v2\/categories?post=938"},{"taxonomy":"post_tag","embeddable":true,"href":"https:\/\/www.skauti-plzen.cz\/modryutes\/wp-json\/wp\/v2\/tags?post=938"}],"curies":[{"name":"wp","href":"https:\/\/api.w.org\/{rel}","templated":true}]}}