{"id":926,"date":"2023-10-05T17:57:01","date_gmt":"2023-10-05T15:57:01","guid":{"rendered":"https:\/\/www.skauti-plzen.cz\/modryutes\/?p=926"},"modified":"2023-10-05T17:57:01","modified_gmt":"2023-10-05T15:57:01","slug":"rijnova-vyprava-do-strakonic","status":"publish","type":"post","link":"https:\/\/www.skauti-plzen.cz\/modryutes\/2023\/10\/05\/rijnova-vyprava-do-strakonic\/","title":{"rendered":"\u0158\u00edjnov\u00e1 v\u00fdprava do Strakonic"},"content":{"rendered":"\n<p>Ji\u017e tento v\u00edkend se pod\u00edv\u00e1me na jih republiky, a to konkr\u00e9tn\u011b do Strakonic, kde v\u0161ichni spole\u010dn\u011b str\u00e1v\u00edme v\u00edkend pln\u00fd her, dobr\u00e9ho j\u00eddla &#8211; dokonce s mezin\u00e1rodn\u00edm menu, ale tak\u00e9 nav\u0161t\u00edv\u00edme zaj\u00edmav\u00e1 m\u00edsta v okol\u00ed Strakonic.<\/p>\n\n\n\n<figure class=\"wp-block-image size-large\"><img loading=\"lazy\" decoding=\"async\" width=\"724\" height=\"1024\" src=\"https:\/\/www.skauti-plzen.cz\/modryutes\/wp-content\/uploads\/sites\/3\/2023\/10\/unnamed-724x1024.jpg\" alt=\"\" class=\"wp-image-927\" srcset=\"https:\/\/www.skauti-plzen.cz\/modryutes\/wp-content\/uploads\/sites\/3\/2023\/10\/unnamed-724x1024.jpg 724w, https:\/\/www.skauti-plzen.cz\/modryutes\/wp-content\/uploads\/sites\/3\/2023\/10\/unnamed-212x300.jpg 212w, https:\/\/www.skauti-plzen.cz\/modryutes\/wp-content\/uploads\/sites\/3\/2023\/10\/unnamed-768x1086.jpg 768w, https:\/\/www.skauti-plzen.cz\/modryutes\/wp-content\/uploads\/sites\/3\/2023\/10\/unnamed-1087x1536.jpg 1087w, https:\/\/www.skauti-plzen.cz\/modryutes\/wp-content\/uploads\/sites\/3\/2023\/10\/unnamed-1200x1696.jpg 1200w, https:\/\/www.skauti-plzen.cz\/modryutes\/wp-content\/uploads\/sites\/3\/2023\/10\/unnamed.jpg 1415w\" sizes=\"auto, (max-width: 724px) 100vw, 724px\" \/><\/figure>\n","protected":false},"excerpt":{"rendered":"<p>Ji\u017e tento v\u00edkend se pod\u00edv\u00e1me na jih republiky, a to konkr\u00e9tn\u011b do Strakonic, kde v\u0161ichni spole\u010dn\u011b str\u00e1v\u00edme v\u00edkend pln\u00fd her, dobr\u00e9ho j\u00eddla &#8211; dokonce s mezin\u00e1rodn\u00edm menu, ale tak\u00e9 nav\u0161t\u00edv\u00edme zaj\u00edmav\u00e1 m\u00edsta v okol\u00ed Strakonic.<\/p>\n","protected":false},"author":9,"featured_media":0,"comment_status":"closed","ping_status":"closed","sticky":false,"template":"","format":"standard","meta":{"footnotes":""},"categories":[1],"tags":[],"class_list":["post-926","post","type-post","status-publish","format-standard","hentry","category-nezarazene"],"_links":{"self":[{"href":"https:\/\/www.skauti-plzen.cz\/modryutes\/wp-json\/wp\/v2\/posts\/926","targetHints":{"allow":["GET"]}}],"collection":[{"href":"https:\/\/www.skauti-plzen.cz\/modryutes\/wp-json\/wp\/v2\/posts"}],"about":[{"href":"https:\/\/www.skauti-plzen.cz\/modryutes\/wp-json\/wp\/v2\/types\/post"}],"author":[{"embeddable":true,"href":"https:\/\/www.skauti-plzen.cz\/modryutes\/wp-json\/wp\/v2\/users\/9"}],"replies":[{"embeddable":true,"href":"https:\/\/www.skauti-plzen.cz\/modryutes\/wp-json\/wp\/v2\/comments?post=926"}],"version-history":[{"count":1,"href":"https:\/\/www.skauti-plzen.cz\/modryutes\/wp-json\/wp\/v2\/posts\/926\/revisions"}],"predecessor-version":[{"id":928,"href":"https:\/\/www.skauti-plzen.cz\/modryutes\/wp-json\/wp\/v2\/posts\/926\/revisions\/928"}],"wp:attachment":[{"href":"https:\/\/www.skauti-plzen.cz\/modryutes\/wp-json\/wp\/v2\/media?parent=926"}],"wp:term":[{"taxonomy":"category","embeddable":true,"href":"https:\/\/www.skauti-plzen.cz\/modryutes\/wp-json\/wp\/v2\/categories?post=926"},{"taxonomy":"post_tag","embeddable":true,"href":"https:\/\/www.skauti-plzen.cz\/modryutes\/wp-json\/wp\/v2\/tags?post=926"}],"curies":[{"name":"wp","href":"https:\/\/api.w.org\/{rel}","templated":true}]}}