{"id":891,"date":"2023-09-15T08:08:42","date_gmt":"2023-09-15T06:08:42","guid":{"rendered":"https:\/\/www.skauti-plzen.cz\/modryutes\/?p=891"},"modified":"2023-09-15T08:08:42","modified_gmt":"2023-09-15T06:08:42","slug":"zarijova-vyprava-khepery-a-rychliku","status":"publish","type":"post","link":"https:\/\/www.skauti-plzen.cz\/modryutes\/2023\/09\/15\/zarijova-vyprava-khepery-a-rychliku\/","title":{"rendered":"Z\u00e1\u0159ijov\u00e1 v\u00fdprava Khepery a Rychl\u00edk\u016f"},"content":{"rendered":"\n<p>V\u00e1\u017een\u00ed rodi\u010de,<\/p>\n\n\n\n<p>nejen Li\u0161ti\u010dky maj\u00ed v z\u00e1\u0159\u00ed o z\u00e1bavu postar\u00e1no. Dru\u017einy Khepery a Rychl\u00edk\u016f se vyprav\u00ed na putov\u00e1n\u00ed p\u0159\u00edrodou. V\u011b\u0159\u00edme, \u017ee jim bude p\u0159\u00e1t po\u010das\u00ed a u\u017eij\u00ed si &#8222;bab\u00ed l\u00e9to&#8220; pln\u00fdmi dou\u0161ky. Okol\u00ed Nepomuka u\u017e \u010dek\u00e1 \ud83d\ude42<\/p>\n\n\n\n<figure class=\"wp-block-image size-large\"><img loading=\"lazy\" decoding=\"async\" width=\"724\" height=\"1024\" src=\"https:\/\/www.skauti-plzen.cz\/modryutes\/wp-content\/uploads\/sites\/3\/2023\/09\/Podzimni-Putak-2-724x1024.png\" alt=\"\" class=\"wp-image-892\" srcset=\"https:\/\/www.skauti-plzen.cz\/modryutes\/wp-content\/uploads\/sites\/3\/2023\/09\/Podzimni-Putak-2-724x1024.png 724w, https:\/\/www.skauti-plzen.cz\/modryutes\/wp-content\/uploads\/sites\/3\/2023\/09\/Podzimni-Putak-2-212x300.png 212w, https:\/\/www.skauti-plzen.cz\/modryutes\/wp-content\/uploads\/sites\/3\/2023\/09\/Podzimni-Putak-2-768x1086.png 768w, https:\/\/www.skauti-plzen.cz\/modryutes\/wp-content\/uploads\/sites\/3\/2023\/09\/Podzimni-Putak-2-1086x1536.png 1086w, https:\/\/www.skauti-plzen.cz\/modryutes\/wp-content\/uploads\/sites\/3\/2023\/09\/Podzimni-Putak-2-1200x1697.png 1200w, https:\/\/www.skauti-plzen.cz\/modryutes\/wp-content\/uploads\/sites\/3\/2023\/09\/Podzimni-Putak-2.png 1414w\" sizes=\"auto, (max-width: 724px) 100vw, 724px\" \/><\/figure>\n","protected":false},"excerpt":{"rendered":"<p>V\u00e1\u017een\u00ed rodi\u010de, nejen Li\u0161ti\u010dky maj\u00ed v z\u00e1\u0159\u00ed o z\u00e1bavu postar\u00e1no. Dru\u017einy Khepery a Rychl\u00edk\u016f se vyprav\u00ed na putov\u00e1n\u00ed p\u0159\u00edrodou. V\u011b\u0159\u00edme, \u017ee jim bude p\u0159\u00e1t po\u010das\u00ed a u\u017eij\u00ed si &#8222;bab\u00ed l\u00e9to&#8220; pln\u00fdmi dou\u0161ky. Okol\u00ed Nepomuka u\u017e \u010dek\u00e1 \ud83d\ude42<\/p>\n","protected":false},"author":9,"featured_media":0,"comment_status":"closed","ping_status":"closed","sticky":false,"template":"","format":"standard","meta":{"footnotes":""},"categories":[1],"tags":[],"class_list":["post-891","post","type-post","status-publish","format-standard","hentry","category-nezarazene"],"_links":{"self":[{"href":"https:\/\/www.skauti-plzen.cz\/modryutes\/wp-json\/wp\/v2\/posts\/891","targetHints":{"allow":["GET"]}}],"collection":[{"href":"https:\/\/www.skauti-plzen.cz\/modryutes\/wp-json\/wp\/v2\/posts"}],"about":[{"href":"https:\/\/www.skauti-plzen.cz\/modryutes\/wp-json\/wp\/v2\/types\/post"}],"author":[{"embeddable":true,"href":"https:\/\/www.skauti-plzen.cz\/modryutes\/wp-json\/wp\/v2\/users\/9"}],"replies":[{"embeddable":true,"href":"https:\/\/www.skauti-plzen.cz\/modryutes\/wp-json\/wp\/v2\/comments?post=891"}],"version-history":[{"count":1,"href":"https:\/\/www.skauti-plzen.cz\/modryutes\/wp-json\/wp\/v2\/posts\/891\/revisions"}],"predecessor-version":[{"id":893,"href":"https:\/\/www.skauti-plzen.cz\/modryutes\/wp-json\/wp\/v2\/posts\/891\/revisions\/893"}],"wp:attachment":[{"href":"https:\/\/www.skauti-plzen.cz\/modryutes\/wp-json\/wp\/v2\/media?parent=891"}],"wp:term":[{"taxonomy":"category","embeddable":true,"href":"https:\/\/www.skauti-plzen.cz\/modryutes\/wp-json\/wp\/v2\/categories?post=891"},{"taxonomy":"post_tag","embeddable":true,"href":"https:\/\/www.skauti-plzen.cz\/modryutes\/wp-json\/wp\/v2\/tags?post=891"}],"curies":[{"name":"wp","href":"https:\/\/api.w.org\/{rel}","templated":true}]}}