{"id":888,"date":"2023-09-06T10:07:01","date_gmt":"2023-09-06T08:07:01","guid":{"rendered":"https:\/\/www.skauti-plzen.cz\/modryutes\/?p=888"},"modified":"2023-09-06T10:07:01","modified_gmt":"2023-09-06T08:07:01","slug":"zarijova-vyprava-listicek","status":"publish","type":"post","link":"https:\/\/www.skauti-plzen.cz\/modryutes\/2023\/09\/06\/zarijova-vyprava-listicek\/","title":{"rendered":"Z\u00e1\u0159ijov\u00e1 v\u00fdprava Li\u0161ti\u010dek"},"content":{"rendered":"\n<p>V\u00e1\u017een\u00ed rodi\u010de, mil\u00e9 d\u011bti,<\/p>\n\n\n\n<p>prvn\u00ed leto\u0161n\u00ed v\u00fdprava ji\u017e klepe na dve\u0159e. Bude se konat 22. &#8211; 24. z\u00e1\u0159\u00ed. Li\u0161ti\u010dky se v n\u00ed pod\u00edvaj\u00ed na vzd\u00e1len\u011bj\u0161\u00ed, ale nov\u00e9 m\u00edsto, a to do Volyn\u011b. Budeme se t\u011b\u0161it na hojnou \u00fa\u010dast. Ve\u0161ker\u00e9 dotazy V\u00e1m r\u00e1dy zodpov\u00ed r\u00e1dkyn\u011b Li\u0161ti\u010dek.<\/p>\n\n\n\n<figure class=\"wp-block-image size-large\"><img loading=\"lazy\" decoding=\"async\" width=\"576\" height=\"1024\" src=\"https:\/\/www.skauti-plzen.cz\/modryutes\/wp-content\/uploads\/sites\/3\/2023\/09\/IMG_20230906_100443_731-576x1024.jpg\" alt=\"\" class=\"wp-image-889\" srcset=\"https:\/\/www.skauti-plzen.cz\/modryutes\/wp-content\/uploads\/sites\/3\/2023\/09\/IMG_20230906_100443_731-576x1024.jpg 576w, https:\/\/www.skauti-plzen.cz\/modryutes\/wp-content\/uploads\/sites\/3\/2023\/09\/IMG_20230906_100443_731-169x300.jpg 169w, https:\/\/www.skauti-plzen.cz\/modryutes\/wp-content\/uploads\/sites\/3\/2023\/09\/IMG_20230906_100443_731-768x1365.jpg 768w, https:\/\/www.skauti-plzen.cz\/modryutes\/wp-content\/uploads\/sites\/3\/2023\/09\/IMG_20230906_100443_731.jpg 828w\" sizes=\"auto, (max-width: 576px) 100vw, 576px\" \/><\/figure>\n","protected":false},"excerpt":{"rendered":"<p>V\u00e1\u017een\u00ed rodi\u010de, mil\u00e9 d\u011bti, prvn\u00ed leto\u0161n\u00ed v\u00fdprava ji\u017e klepe na dve\u0159e. Bude se konat 22. &#8211; 24. z\u00e1\u0159\u00ed. Li\u0161ti\u010dky se v n\u00ed pod\u00edvaj\u00ed na vzd\u00e1len\u011bj\u0161\u00ed, ale nov\u00e9 m\u00edsto, a to do Volyn\u011b. Budeme se t\u011b\u0161it na hojnou \u00fa\u010dast. Ve\u0161ker\u00e9 dotazy V\u00e1m r\u00e1dy zodpov\u00ed r\u00e1dkyn\u011b Li\u0161ti\u010dek.<\/p>\n","protected":false},"author":9,"featured_media":0,"comment_status":"closed","ping_status":"closed","sticky":false,"template":"","format":"standard","meta":{"footnotes":""},"categories":[1],"tags":[],"class_list":["post-888","post","type-post","status-publish","format-standard","hentry","category-nezarazene"],"_links":{"self":[{"href":"https:\/\/www.skauti-plzen.cz\/modryutes\/wp-json\/wp\/v2\/posts\/888","targetHints":{"allow":["GET"]}}],"collection":[{"href":"https:\/\/www.skauti-plzen.cz\/modryutes\/wp-json\/wp\/v2\/posts"}],"about":[{"href":"https:\/\/www.skauti-plzen.cz\/modryutes\/wp-json\/wp\/v2\/types\/post"}],"author":[{"embeddable":true,"href":"https:\/\/www.skauti-plzen.cz\/modryutes\/wp-json\/wp\/v2\/users\/9"}],"replies":[{"embeddable":true,"href":"https:\/\/www.skauti-plzen.cz\/modryutes\/wp-json\/wp\/v2\/comments?post=888"}],"version-history":[{"count":1,"href":"https:\/\/www.skauti-plzen.cz\/modryutes\/wp-json\/wp\/v2\/posts\/888\/revisions"}],"predecessor-version":[{"id":890,"href":"https:\/\/www.skauti-plzen.cz\/modryutes\/wp-json\/wp\/v2\/posts\/888\/revisions\/890"}],"wp:attachment":[{"href":"https:\/\/www.skauti-plzen.cz\/modryutes\/wp-json\/wp\/v2\/media?parent=888"}],"wp:term":[{"taxonomy":"category","embeddable":true,"href":"https:\/\/www.skauti-plzen.cz\/modryutes\/wp-json\/wp\/v2\/categories?post=888"},{"taxonomy":"post_tag","embeddable":true,"href":"https:\/\/www.skauti-plzen.cz\/modryutes\/wp-json\/wp\/v2\/tags?post=888"}],"curies":[{"name":"wp","href":"https:\/\/api.w.org\/{rel}","templated":true}]}}