{"id":661,"date":"2022-12-08T09:34:08","date_gmt":"2022-12-08T08:34:08","guid":{"rendered":"https:\/\/www.skauti-plzen.cz\/modryutes\/?p=661"},"modified":"2022-12-08T09:34:08","modified_gmt":"2022-12-08T08:34:08","slug":"vanocni-vyprava-na-svaroznou","status":"publish","type":"post","link":"https:\/\/www.skauti-plzen.cz\/modryutes\/2022\/12\/08\/vanocni-vyprava-na-svaroznou\/","title":{"rendered":"V\u00e1no\u010dn\u00ed v\u00fdprava na Sv\u00e1ro\u017enou"},"content":{"rendered":"\n<p>S prob\u00edhaj\u00edc\u00edm adventem a bl\u00ed\u017e\u00edc\u00edmi se sv\u00e1tky v\u00e1no\u010dn\u00edmi, se tak\u00e9 bl\u00ed\u017e\u00ed v\u00e1no\u010dn\u00ed v\u00fdprava. Tentokr\u00e1t se vyprav\u00edme na Sv\u00e1ro\u017enou, kde u\u017e by mohla b\u00fdt i hezk\u00e1 sn\u011bhov\u00e1 nad\u00edlka. V\u011b\u0159\u00edme v\u0161ak, \u017ee d\u011bti byly hodn\u00e9, a tud\u00ed\u017e sn\u011bhov\u00e1 nad\u00edlka nebude jedin\u00e1, kter\u00e1 na n\u00e1s u hranic s N\u011bmeckem \u010dek\u00e1 \ud83d\ude42<\/p>\n\n\n\n<figure class=\"wp-block-image size-large\"><img loading=\"lazy\" decoding=\"async\" width=\"724\" height=\"1024\" src=\"https:\/\/www.skauti-plzen.cz\/modryutes\/wp-content\/uploads\/sites\/3\/2022\/12\/vanocni-vyprava-1-724x1024.png\" alt=\"\" class=\"wp-image-662\" srcset=\"https:\/\/www.skauti-plzen.cz\/modryutes\/wp-content\/uploads\/sites\/3\/2022\/12\/vanocni-vyprava-1-724x1024.png 724w, https:\/\/www.skauti-plzen.cz\/modryutes\/wp-content\/uploads\/sites\/3\/2022\/12\/vanocni-vyprava-1-212x300.png 212w, https:\/\/www.skauti-plzen.cz\/modryutes\/wp-content\/uploads\/sites\/3\/2022\/12\/vanocni-vyprava-1-768x1086.png 768w, https:\/\/www.skauti-plzen.cz\/modryutes\/wp-content\/uploads\/sites\/3\/2022\/12\/vanocni-vyprava-1-1086x1536.png 1086w, https:\/\/www.skauti-plzen.cz\/modryutes\/wp-content\/uploads\/sites\/3\/2022\/12\/vanocni-vyprava-1-1200x1697.png 1200w, https:\/\/www.skauti-plzen.cz\/modryutes\/wp-content\/uploads\/sites\/3\/2022\/12\/vanocni-vyprava-1.png 1414w\" sizes=\"auto, (max-width: 724px) 100vw, 724px\" \/><\/figure>\n","protected":false},"excerpt":{"rendered":"<p>S prob\u00edhaj\u00edc\u00edm adventem a bl\u00ed\u017e\u00edc\u00edmi se sv\u00e1tky v\u00e1no\u010dn\u00edmi, se tak\u00e9 bl\u00ed\u017e\u00ed v\u00e1no\u010dn\u00ed v\u00fdprava. Tentokr\u00e1t se vyprav\u00edme na Sv\u00e1ro\u017enou, kde u\u017e by mohla b\u00fdt i hezk\u00e1 sn\u011bhov\u00e1 nad\u00edlka. V\u011b\u0159\u00edme v\u0161ak, \u017ee d\u011bti byly hodn\u00e9, a tud\u00ed\u017e sn\u011bhov\u00e1 nad\u00edlka nebude jedin\u00e1, kter\u00e1 na n\u00e1s u hranic s N\u011bmeckem \u010dek\u00e1 \ud83d\ude42<\/p>\n","protected":false},"author":9,"featured_media":0,"comment_status":"closed","ping_status":"closed","sticky":false,"template":"","format":"standard","meta":{"footnotes":""},"categories":[1],"tags":[],"class_list":["post-661","post","type-post","status-publish","format-standard","hentry","category-nezarazene"],"_links":{"self":[{"href":"https:\/\/www.skauti-plzen.cz\/modryutes\/wp-json\/wp\/v2\/posts\/661","targetHints":{"allow":["GET"]}}],"collection":[{"href":"https:\/\/www.skauti-plzen.cz\/modryutes\/wp-json\/wp\/v2\/posts"}],"about":[{"href":"https:\/\/www.skauti-plzen.cz\/modryutes\/wp-json\/wp\/v2\/types\/post"}],"author":[{"embeddable":true,"href":"https:\/\/www.skauti-plzen.cz\/modryutes\/wp-json\/wp\/v2\/users\/9"}],"replies":[{"embeddable":true,"href":"https:\/\/www.skauti-plzen.cz\/modryutes\/wp-json\/wp\/v2\/comments?post=661"}],"version-history":[{"count":1,"href":"https:\/\/www.skauti-plzen.cz\/modryutes\/wp-json\/wp\/v2\/posts\/661\/revisions"}],"predecessor-version":[{"id":663,"href":"https:\/\/www.skauti-plzen.cz\/modryutes\/wp-json\/wp\/v2\/posts\/661\/revisions\/663"}],"wp:attachment":[{"href":"https:\/\/www.skauti-plzen.cz\/modryutes\/wp-json\/wp\/v2\/media?parent=661"}],"wp:term":[{"taxonomy":"category","embeddable":true,"href":"https:\/\/www.skauti-plzen.cz\/modryutes\/wp-json\/wp\/v2\/categories?post=661"},{"taxonomy":"post_tag","embeddable":true,"href":"https:\/\/www.skauti-plzen.cz\/modryutes\/wp-json\/wp\/v2\/tags?post=661"}],"curies":[{"name":"wp","href":"https:\/\/api.w.org\/{rel}","templated":true}]}}