{"id":632,"date":"2022-11-13T15:42:09","date_gmt":"2022-11-13T14:42:09","guid":{"rendered":"https:\/\/www.skauti-plzen.cz\/modryutes\/?p=632"},"modified":"2022-11-13T15:42:09","modified_gmt":"2022-11-13T14:42:09","slug":"vyprava-listicek-za-hurvinkem","status":"publish","type":"post","link":"https:\/\/www.skauti-plzen.cz\/modryutes\/2022\/11\/13\/vyprava-listicek-za-hurvinkem\/","title":{"rendered":"V\u00fdprava Li\u0161ti\u010dek za Hurv\u00ednkem"},"content":{"rendered":"\n<p>V\u00e1\u017een\u00ed rodi\u010de,<\/p>\n\n\n\n<p>s listopadem p\u0159ich\u00e1z\u00ed dal\u0161\u00ed v\u00fdprava pro Li\u0161ti\u010dky. Dru\u017eina se tentokr\u00e1t vyd\u00e1 po Hurv\u00ednkov\u011b stezce zapadan\u00e9 podzimn\u00edm list\u00edm. V\u011b\u0159\u00edme, \u017ee \u00fa\u010dast bude hojn\u00e1 a po\u010das\u00ed bude p\u0159\u00edzniv\u00e9 pro tuto expedici \ud83d\ude42<\/p>\n\n\n\n<figure class=\"wp-block-image size-large\"><img loading=\"lazy\" decoding=\"async\" width=\"724\" height=\"1024\" src=\"https:\/\/www.skauti-plzen.cz\/modryutes\/wp-content\/uploads\/sites\/3\/2022\/11\/314906468_410005391202598_1189877630346849551_n-724x1024.png\" alt=\"\" class=\"wp-image-633\" srcset=\"https:\/\/www.skauti-plzen.cz\/modryutes\/wp-content\/uploads\/sites\/3\/2022\/11\/314906468_410005391202598_1189877630346849551_n-724x1024.png 724w, https:\/\/www.skauti-plzen.cz\/modryutes\/wp-content\/uploads\/sites\/3\/2022\/11\/314906468_410005391202598_1189877630346849551_n-212x300.png 212w, https:\/\/www.skauti-plzen.cz\/modryutes\/wp-content\/uploads\/sites\/3\/2022\/11\/314906468_410005391202598_1189877630346849551_n-768x1086.png 768w, https:\/\/www.skauti-plzen.cz\/modryutes\/wp-content\/uploads\/sites\/3\/2022\/11\/314906468_410005391202598_1189877630346849551_n-1086x1536.png 1086w, https:\/\/www.skauti-plzen.cz\/modryutes\/wp-content\/uploads\/sites\/3\/2022\/11\/314906468_410005391202598_1189877630346849551_n-1200x1697.png 1200w, https:\/\/www.skauti-plzen.cz\/modryutes\/wp-content\/uploads\/sites\/3\/2022\/11\/314906468_410005391202598_1189877630346849551_n.png 1414w\" sizes=\"auto, (max-width: 724px) 100vw, 724px\" \/><\/figure>\n","protected":false},"excerpt":{"rendered":"<p>V\u00e1\u017een\u00ed rodi\u010de, s listopadem p\u0159ich\u00e1z\u00ed dal\u0161\u00ed v\u00fdprava pro Li\u0161ti\u010dky. Dru\u017eina se tentokr\u00e1t vyd\u00e1 po Hurv\u00ednkov\u011b stezce zapadan\u00e9 podzimn\u00edm list\u00edm. V\u011b\u0159\u00edme, \u017ee \u00fa\u010dast bude hojn\u00e1 a po\u010das\u00ed bude p\u0159\u00edzniv\u00e9 pro tuto expedici \ud83d\ude42<\/p>\n","protected":false},"author":9,"featured_media":0,"comment_status":"closed","ping_status":"closed","sticky":false,"template":"","format":"standard","meta":{"footnotes":""},"categories":[1],"tags":[],"class_list":["post-632","post","type-post","status-publish","format-standard","hentry","category-nezarazene"],"_links":{"self":[{"href":"https:\/\/www.skauti-plzen.cz\/modryutes\/wp-json\/wp\/v2\/posts\/632","targetHints":{"allow":["GET"]}}],"collection":[{"href":"https:\/\/www.skauti-plzen.cz\/modryutes\/wp-json\/wp\/v2\/posts"}],"about":[{"href":"https:\/\/www.skauti-plzen.cz\/modryutes\/wp-json\/wp\/v2\/types\/post"}],"author":[{"embeddable":true,"href":"https:\/\/www.skauti-plzen.cz\/modryutes\/wp-json\/wp\/v2\/users\/9"}],"replies":[{"embeddable":true,"href":"https:\/\/www.skauti-plzen.cz\/modryutes\/wp-json\/wp\/v2\/comments?post=632"}],"version-history":[{"count":1,"href":"https:\/\/www.skauti-plzen.cz\/modryutes\/wp-json\/wp\/v2\/posts\/632\/revisions"}],"predecessor-version":[{"id":634,"href":"https:\/\/www.skauti-plzen.cz\/modryutes\/wp-json\/wp\/v2\/posts\/632\/revisions\/634"}],"wp:attachment":[{"href":"https:\/\/www.skauti-plzen.cz\/modryutes\/wp-json\/wp\/v2\/media?parent=632"}],"wp:term":[{"taxonomy":"category","embeddable":true,"href":"https:\/\/www.skauti-plzen.cz\/modryutes\/wp-json\/wp\/v2\/categories?post=632"},{"taxonomy":"post_tag","embeddable":true,"href":"https:\/\/www.skauti-plzen.cz\/modryutes\/wp-json\/wp\/v2\/tags?post=632"}],"curies":[{"name":"wp","href":"https:\/\/api.w.org\/{rel}","templated":true}]}}