{"id":626,"date":"2022-11-06T16:48:51","date_gmt":"2022-11-06T15:48:51","guid":{"rendered":"https:\/\/www.skauti-plzen.cz\/modryutes\/?p=626"},"modified":"2022-11-06T16:48:51","modified_gmt":"2022-11-06T15:48:51","slug":"vyprava-na-primdu","status":"publish","type":"post","link":"https:\/\/www.skauti-plzen.cz\/modryutes\/2022\/11\/06\/vyprava-na-primdu\/","title":{"rendered":"V\u00fdprava na P\u0159imdu"},"content":{"rendered":"\n<p>V\u00e1\u017een\u00ed rodi\u010de,<\/p>\n\n\n\n<p>nen\u00ed to tak dlouho, kdy jsme se naposledy vid\u011bli na spole\u010dn\u00e9 v\u00fdprav\u011b v Domaslavi. Na listopadovou v\u00fdpravu u\u017e V\u00e1s nutit nebudeme \ud83d\ude42 Nicm\u00e9n\u011b se budeme t\u011b\u0161it na Va\u0161e d\u011bti, kter\u00e9 se spole\u010dn\u011b v dru\u017ein\u011b Khepery a Rychl\u00edk\u016f vyprav\u00ed na trampskou boudu pod hradem P\u0159imda.<\/p>\n\n\n\n<figure class=\"wp-block-image size-large\"><img loading=\"lazy\" decoding=\"async\" width=\"724\" height=\"1024\" src=\"https:\/\/www.skauti-plzen.cz\/modryutes\/wp-content\/uploads\/sites\/3\/2022\/11\/314634171_527372462572091_2650657123925751802_n-724x1024.png\" alt=\"\" class=\"wp-image-627\" srcset=\"https:\/\/www.skauti-plzen.cz\/modryutes\/wp-content\/uploads\/sites\/3\/2022\/11\/314634171_527372462572091_2650657123925751802_n-724x1024.png 724w, https:\/\/www.skauti-plzen.cz\/modryutes\/wp-content\/uploads\/sites\/3\/2022\/11\/314634171_527372462572091_2650657123925751802_n-212x300.png 212w, https:\/\/www.skauti-plzen.cz\/modryutes\/wp-content\/uploads\/sites\/3\/2022\/11\/314634171_527372462572091_2650657123925751802_n-768x1086.png 768w, https:\/\/www.skauti-plzen.cz\/modryutes\/wp-content\/uploads\/sites\/3\/2022\/11\/314634171_527372462572091_2650657123925751802_n-1086x1536.png 1086w, https:\/\/www.skauti-plzen.cz\/modryutes\/wp-content\/uploads\/sites\/3\/2022\/11\/314634171_527372462572091_2650657123925751802_n-1200x1697.png 1200w, https:\/\/www.skauti-plzen.cz\/modryutes\/wp-content\/uploads\/sites\/3\/2022\/11\/314634171_527372462572091_2650657123925751802_n.png 1414w\" sizes=\"auto, (max-width: 724px) 100vw, 724px\" \/><\/figure>\n","protected":false},"excerpt":{"rendered":"<p>V\u00e1\u017een\u00ed rodi\u010de, nen\u00ed to tak dlouho, kdy jsme se naposledy vid\u011bli na spole\u010dn\u00e9 v\u00fdprav\u011b v Domaslavi. Na listopadovou v\u00fdpravu u\u017e V\u00e1s nutit nebudeme \ud83d\ude42 Nicm\u00e9n\u011b se budeme t\u011b\u0161it na Va\u0161e d\u011bti, kter\u00e9 se spole\u010dn\u011b v dru\u017ein\u011b Khepery a Rychl\u00edk\u016f vyprav\u00ed na trampskou boudu pod hradem P\u0159imda.<\/p>\n","protected":false},"author":9,"featured_media":0,"comment_status":"closed","ping_status":"closed","sticky":false,"template":"","format":"standard","meta":{"footnotes":""},"categories":[1],"tags":[],"class_list":["post-626","post","type-post","status-publish","format-standard","hentry","category-nezarazene"],"_links":{"self":[{"href":"https:\/\/www.skauti-plzen.cz\/modryutes\/wp-json\/wp\/v2\/posts\/626","targetHints":{"allow":["GET"]}}],"collection":[{"href":"https:\/\/www.skauti-plzen.cz\/modryutes\/wp-json\/wp\/v2\/posts"}],"about":[{"href":"https:\/\/www.skauti-plzen.cz\/modryutes\/wp-json\/wp\/v2\/types\/post"}],"author":[{"embeddable":true,"href":"https:\/\/www.skauti-plzen.cz\/modryutes\/wp-json\/wp\/v2\/users\/9"}],"replies":[{"embeddable":true,"href":"https:\/\/www.skauti-plzen.cz\/modryutes\/wp-json\/wp\/v2\/comments?post=626"}],"version-history":[{"count":1,"href":"https:\/\/www.skauti-plzen.cz\/modryutes\/wp-json\/wp\/v2\/posts\/626\/revisions"}],"predecessor-version":[{"id":628,"href":"https:\/\/www.skauti-plzen.cz\/modryutes\/wp-json\/wp\/v2\/posts\/626\/revisions\/628"}],"wp:attachment":[{"href":"https:\/\/www.skauti-plzen.cz\/modryutes\/wp-json\/wp\/v2\/media?parent=626"}],"wp:term":[{"taxonomy":"category","embeddable":true,"href":"https:\/\/www.skauti-plzen.cz\/modryutes\/wp-json\/wp\/v2\/categories?post=626"},{"taxonomy":"post_tag","embeddable":true,"href":"https:\/\/www.skauti-plzen.cz\/modryutes\/wp-json\/wp\/v2\/tags?post=626"}],"curies":[{"name":"wp","href":"https:\/\/api.w.org\/{rel}","templated":true}]}}