{"id":498,"date":"2022-04-24T20:37:38","date_gmt":"2022-04-24T18:37:38","guid":{"rendered":"https:\/\/www.skauti-plzen.cz\/modryutes\/?p=498"},"modified":"2022-04-24T20:37:38","modified_gmt":"2022-04-24T18:37:38","slug":"vyprava-do-lobezskeho-parku-pozvanka","status":"publish","type":"post","link":"https:\/\/www.skauti-plzen.cz\/modryutes\/2022\/04\/24\/vyprava-do-lobezskeho-parku-pozvanka\/","title":{"rendered":"V\u00fdprava do Lobezsk\u00e9ho parku &#8211; pozv\u00e1nka"},"content":{"rendered":"\n<p>V\u00e1\u017een\u00ed rodi\u010de, <\/p>\n\n\n\n<p>v r\u00e1mci m\u011bs\u00edce kv\u011btna se vyprav\u00edme s d\u011btmi do Lobezsk\u00e9ho parku, a to u\u017e v ned\u011bli 1. 5. <\/p>\n\n\n\n<p>Budeme se t\u011b\u0161it na hojnou \u00fa\u010dast \ud83d\ude42<\/p>\n\n\n\n<figure class=\"wp-block-image size-large\"><img loading=\"lazy\" decoding=\"async\" width=\"724\" height=\"1024\" src=\"https:\/\/www.skauti-plzen.cz\/modryutes\/wp-content\/uploads\/sites\/3\/2022\/04\/Ucitel-kvetnova-vyprava-do-Chebu-724x1024.png\" alt=\"\" class=\"wp-image-499\" srcset=\"https:\/\/www.skauti-plzen.cz\/modryutes\/wp-content\/uploads\/sites\/3\/2022\/04\/Ucitel-kvetnova-vyprava-do-Chebu-724x1024.png 724w, https:\/\/www.skauti-plzen.cz\/modryutes\/wp-content\/uploads\/sites\/3\/2022\/04\/Ucitel-kvetnova-vyprava-do-Chebu-212x300.png 212w, https:\/\/www.skauti-plzen.cz\/modryutes\/wp-content\/uploads\/sites\/3\/2022\/04\/Ucitel-kvetnova-vyprava-do-Chebu-768x1086.png 768w, https:\/\/www.skauti-plzen.cz\/modryutes\/wp-content\/uploads\/sites\/3\/2022\/04\/Ucitel-kvetnova-vyprava-do-Chebu-1086x1536.png 1086w, https:\/\/www.skauti-plzen.cz\/modryutes\/wp-content\/uploads\/sites\/3\/2022\/04\/Ucitel-kvetnova-vyprava-do-Chebu-1448x2048.png 1448w, https:\/\/www.skauti-plzen.cz\/modryutes\/wp-content\/uploads\/sites\/3\/2022\/04\/Ucitel-kvetnova-vyprava-do-Chebu-1200x1698.png 1200w, https:\/\/www.skauti-plzen.cz\/modryutes\/wp-content\/uploads\/sites\/3\/2022\/04\/Ucitel-kvetnova-vyprava-do-Chebu.png 1587w\" sizes=\"auto, (max-width: 724px) 100vw, 724px\" \/><\/figure>\n","protected":false},"excerpt":{"rendered":"<p>V\u00e1\u017een\u00ed rodi\u010de, v r\u00e1mci m\u011bs\u00edce kv\u011btna se vyprav\u00edme s d\u011btmi do Lobezsk\u00e9ho parku, a to u\u017e v ned\u011bli 1. 5. Budeme se t\u011b\u0161it na hojnou \u00fa\u010dast \ud83d\ude42<\/p>\n","protected":false},"author":9,"featured_media":0,"comment_status":"closed","ping_status":"closed","sticky":false,"template":"","format":"standard","meta":{"footnotes":""},"categories":[1],"tags":[],"class_list":["post-498","post","type-post","status-publish","format-standard","hentry","category-nezarazene"],"_links":{"self":[{"href":"https:\/\/www.skauti-plzen.cz\/modryutes\/wp-json\/wp\/v2\/posts\/498","targetHints":{"allow":["GET"]}}],"collection":[{"href":"https:\/\/www.skauti-plzen.cz\/modryutes\/wp-json\/wp\/v2\/posts"}],"about":[{"href":"https:\/\/www.skauti-plzen.cz\/modryutes\/wp-json\/wp\/v2\/types\/post"}],"author":[{"embeddable":true,"href":"https:\/\/www.skauti-plzen.cz\/modryutes\/wp-json\/wp\/v2\/users\/9"}],"replies":[{"embeddable":true,"href":"https:\/\/www.skauti-plzen.cz\/modryutes\/wp-json\/wp\/v2\/comments?post=498"}],"version-history":[{"count":1,"href":"https:\/\/www.skauti-plzen.cz\/modryutes\/wp-json\/wp\/v2\/posts\/498\/revisions"}],"predecessor-version":[{"id":500,"href":"https:\/\/www.skauti-plzen.cz\/modryutes\/wp-json\/wp\/v2\/posts\/498\/revisions\/500"}],"wp:attachment":[{"href":"https:\/\/www.skauti-plzen.cz\/modryutes\/wp-json\/wp\/v2\/media?parent=498"}],"wp:term":[{"taxonomy":"category","embeddable":true,"href":"https:\/\/www.skauti-plzen.cz\/modryutes\/wp-json\/wp\/v2\/categories?post=498"},{"taxonomy":"post_tag","embeddable":true,"href":"https:\/\/www.skauti-plzen.cz\/modryutes\/wp-json\/wp\/v2\/tags?post=498"}],"curies":[{"name":"wp","href":"https:\/\/api.w.org\/{rel}","templated":true}]}}