{"id":441,"date":"2022-03-01T09:46:00","date_gmt":"2022-03-01T08:46:00","guid":{"rendered":"https:\/\/www.skauti-plzen.cz\/modryutes\/?p=441"},"modified":"2022-03-01T08:53:58","modified_gmt":"2022-03-01T07:53:58","slug":"sbirka-potrebnych-veci-pro-ukrajinu","status":"publish","type":"post","link":"https:\/\/www.skauti-plzen.cz\/modryutes\/2022\/03\/01\/sbirka-potrebnych-veci-pro-ukrajinu\/","title":{"rendered":"Sb\u00edrka pot\u0159ebn\u00fdch v\u011bc\u00ed pro Ukrajinu"},"content":{"rendered":"\n<p>V\u00e1\u017een\u00ed rodi\u010de,<\/p>\n\n\n\n<p>rozhodli jsme se, jak jsme ji\u017e avizovali v e-mailech, zapojit do sb\u00edrky v\u011bc\u00ed pro Ukrajinsk\u00e9 obyvatelstvo. Jedn\u00e1 se o sb\u00edrku r\u016fzn\u00fdch v\u011bc\u00ed, kter\u00e9 mohou b\u00fdt pot\u0159eba, proto V\u00e1m zde d\u00e1me typizovan\u00fd seznam v\u011bc\u00ed, kter\u00e9 m\u016f\u017eete darovat.<br><\/p>\n\n\n\n<p>\u00b7&nbsp;&nbsp;&nbsp;&nbsp;&nbsp;&nbsp;&nbsp;&nbsp;karimatky, spac\u00e1ky, v\u0161echny druhy tepl\u00fdch p\u0159ikr\u00fdvek, pol\u0161t\u00e1\u0159e<\/p>\n\n\n\n<p>\u00b7&nbsp;&nbsp;&nbsp;&nbsp;&nbsp;&nbsp;&nbsp;&nbsp;hygienick\u00e9 prost\u0159edky<\/p>\n\n\n\n<p>\u00b7&nbsp;&nbsp;&nbsp;&nbsp;&nbsp;&nbsp;&nbsp;&nbsp;pl\u00e1\u0161t\u011bnky<\/p>\n\n\n\n<p>\u00b7&nbsp;&nbsp;&nbsp;&nbsp;&nbsp;&nbsp;&nbsp;&nbsp;stany<\/p>\n\n\n\n<p>\u00b7&nbsp;&nbsp;&nbsp;&nbsp;&nbsp;&nbsp;&nbsp;&nbsp;baterky a baterie<\/p>\n\n\n\n<p>\u00b7&nbsp;&nbsp;&nbsp;&nbsp;&nbsp;&nbsp;&nbsp;&nbsp;oble\u010den\u00ed pro d\u011bti do t\u0159\u00ed let&nbsp;<\/p>\n\n\n\n<p>\u00b7\u00a0 \u00a0 \u00a0 \u00a0 \u00a0trvanliv\u00e9 potraviny<\/p>\n\n\n\n<p>V\u0161echny tyto v\u011bci m\u016f\u017eete nosit b\u011bhem sch\u016fzek, tedy v \u00fater\u00fd od 17:30 do 19:00. P\u0159\u00edpadn\u011b ve \u010dtvrtek od 17. hodiny do 19. hodiny. <\/p>\n\n\n\n<p>Vzhledem k dynamick\u00e9mu v\u00fdvoji situace pros\u00edm v\u0161echny p\u0159\u00edpadn\u00e9 d\u00e1rce o dod\u00e1n\u00ed v\u011bc\u00ed do p\u00e1tku do 18. hodiny, abychom je mohli odv\u00e9zt na p\u0159epravi\u0161t\u011b.<\/p>\n\n\n\n<p>D\u011bkujeme za pochopen\u00ed a p\u0159\u00edpadn\u00e9 dary \ud83d\ude42<\/p>\n\n\n\n<figure class=\"wp-block-image size-large is-style-rounded\"><img loading=\"lazy\" decoding=\"async\" width=\"1024\" height=\"576\" src=\"https:\/\/www.skauti-plzen.cz\/modryutes\/wp-content\/uploads\/sites\/3\/2022\/03\/cc208734fedf3bf4a3f447072ebbfba4_resize21331200_-1024x576.jpg\" alt=\"\" class=\"wp-image-442\" srcset=\"https:\/\/www.skauti-plzen.cz\/modryutes\/wp-content\/uploads\/sites\/3\/2022\/03\/cc208734fedf3bf4a3f447072ebbfba4_resize21331200_-1024x576.jpg 1024w, https:\/\/www.skauti-plzen.cz\/modryutes\/wp-content\/uploads\/sites\/3\/2022\/03\/cc208734fedf3bf4a3f447072ebbfba4_resize21331200_-300x169.jpg 300w, https:\/\/www.skauti-plzen.cz\/modryutes\/wp-content\/uploads\/sites\/3\/2022\/03\/cc208734fedf3bf4a3f447072ebbfba4_resize21331200_-768x432.jpg 768w, https:\/\/www.skauti-plzen.cz\/modryutes\/wp-content\/uploads\/sites\/3\/2022\/03\/cc208734fedf3bf4a3f447072ebbfba4_resize21331200_-1536x864.jpg 1536w, https:\/\/www.skauti-plzen.cz\/modryutes\/wp-content\/uploads\/sites\/3\/2022\/03\/cc208734fedf3bf4a3f447072ebbfba4_resize21331200_-2048x1152.jpg 2048w, https:\/\/www.skauti-plzen.cz\/modryutes\/wp-content\/uploads\/sites\/3\/2022\/03\/cc208734fedf3bf4a3f447072ebbfba4_resize21331200_-1200x675.jpg 1200w, https:\/\/www.skauti-plzen.cz\/modryutes\/wp-content\/uploads\/sites\/3\/2022\/03\/cc208734fedf3bf4a3f447072ebbfba4_resize21331200_-1980x1114.jpg 1980w\" sizes=\"auto, (max-width: 1024px) 100vw, 1024px\" \/><\/figure>\n","protected":false},"excerpt":{"rendered":"<p>V\u00e1\u017een\u00ed rodi\u010de, rozhodli jsme se, jak jsme ji\u017e avizovali v e-mailech, zapojit do sb\u00edrky v\u011bc\u00ed pro Ukrajinsk\u00e9 obyvatelstvo. Jedn\u00e1 se o sb\u00edrku r\u016fzn\u00fdch v\u011bc\u00ed, kter\u00e9 mohou b\u00fdt pot\u0159eba, proto V\u00e1m zde d\u00e1me typizovan\u00fd seznam v\u011bc\u00ed, kter\u00e9 m\u016f\u017eete darovat. \u00b7&nbsp;&nbsp;&nbsp;&nbsp;&nbsp;&nbsp;&nbsp;&nbsp;karimatky, spac\u00e1ky, v\u0161echny druhy tepl\u00fdch p\u0159ikr\u00fdvek, pol\u0161t\u00e1\u0159e \u00b7&nbsp;&nbsp;&nbsp;&nbsp;&nbsp;&nbsp;&nbsp;&nbsp;hygienick\u00e9 prost\u0159edky \u00b7&nbsp;&nbsp;&nbsp;&nbsp;&nbsp;&nbsp;&nbsp;&nbsp;pl\u00e1\u0161t\u011bnky \u00b7&nbsp;&nbsp;&nbsp;&nbsp;&nbsp;&nbsp;&nbsp;&nbsp;stany \u00b7&nbsp;&nbsp;&nbsp;&nbsp;&nbsp;&nbsp;&nbsp;&nbsp;baterky a baterie \u00b7&nbsp;&nbsp;&nbsp;&nbsp;&nbsp;&nbsp;&nbsp;&nbsp;oble\u010den\u00ed pro d\u011bti [&hellip;]<\/p>\n","protected":false},"author":9,"featured_media":0,"comment_status":"closed","ping_status":"closed","sticky":false,"template":"","format":"standard","meta":{"footnotes":""},"categories":[1],"tags":[],"class_list":["post-441","post","type-post","status-publish","format-standard","hentry","category-nezarazene"],"_links":{"self":[{"href":"https:\/\/www.skauti-plzen.cz\/modryutes\/wp-json\/wp\/v2\/posts\/441","targetHints":{"allow":["GET"]}}],"collection":[{"href":"https:\/\/www.skauti-plzen.cz\/modryutes\/wp-json\/wp\/v2\/posts"}],"about":[{"href":"https:\/\/www.skauti-plzen.cz\/modryutes\/wp-json\/wp\/v2\/types\/post"}],"author":[{"embeddable":true,"href":"https:\/\/www.skauti-plzen.cz\/modryutes\/wp-json\/wp\/v2\/users\/9"}],"replies":[{"embeddable":true,"href":"https:\/\/www.skauti-plzen.cz\/modryutes\/wp-json\/wp\/v2\/comments?post=441"}],"version-history":[{"count":1,"href":"https:\/\/www.skauti-plzen.cz\/modryutes\/wp-json\/wp\/v2\/posts\/441\/revisions"}],"predecessor-version":[{"id":443,"href":"https:\/\/www.skauti-plzen.cz\/modryutes\/wp-json\/wp\/v2\/posts\/441\/revisions\/443"}],"wp:attachment":[{"href":"https:\/\/www.skauti-plzen.cz\/modryutes\/wp-json\/wp\/v2\/media?parent=441"}],"wp:term":[{"taxonomy":"category","embeddable":true,"href":"https:\/\/www.skauti-plzen.cz\/modryutes\/wp-json\/wp\/v2\/categories?post=441"},{"taxonomy":"post_tag","embeddable":true,"href":"https:\/\/www.skauti-plzen.cz\/modryutes\/wp-json\/wp\/v2\/tags?post=441"}],"curies":[{"name":"wp","href":"https:\/\/api.w.org\/{rel}","templated":true}]}}