{"id":408,"date":"2022-02-16T06:00:00","date_gmt":"2022-02-16T05:00:00","guid":{"rendered":"https:\/\/www.skauti-plzen.cz\/modryutes\/?p=408"},"modified":"2022-02-15T23:16:41","modified_gmt":"2022-02-15T22:16:41","slug":"plan-akci-druhe-pololeti","status":"publish","type":"post","link":"https:\/\/www.skauti-plzen.cz\/modryutes\/2022\/02\/16\/plan-akci-druhe-pololeti\/","title":{"rendered":"Pl\u00e1n akc\u00ed druh\u00e9 pololet\u00ed"},"content":{"rendered":"\n<p>V\u00e1\u017een\u00ed rodi\u010de,<\/p>\n\n\n\n<p>zas\u00edl\u00e1me pl\u00e1n akc\u00ed na druh\u00e9 pololet\u00ed, z\u00e1rove\u0148 si s men\u0161\u00ed kli\u010dkou dovolujeme p\u0159ipomenout, \u017ee zm\u011bna programu vyhrazena \ud83d\ude42<\/p>\n\n\n\n<p>Nicm\u00e9n\u011b nebojte, jde jen o akce, kter\u00e9 se t\u00fdkaj\u00ed V\u00e1s a mohou se do sou\u010dasn\u00e9ho pl\u00e1nu p\u0159idat. Pro\u010d jsme je rovnou nezahrnuli do pl\u00e1nu akc\u00ed? \u010cek\u00e1me na definitivn\u00ed uklidn\u011bn\u00ed epidemiologick\u00e9 situace, ale ur\u010dit\u011b se m\u016f\u017eete t\u011b\u0161it na grilov\u00e1n\u00ed, kter\u00e9 se ji\u017e stalo tradi\u010dn\u00ed akc\u00ed, je\u017e prob\u011bhne v \u010dervnu (term\u00edn up\u0159esn\u00edme). A tak\u00e9 na mo\u017en\u00e9 dal\u0161\u00ed akce, kter\u00e9 ale z\u00e1vis\u00ed pr\u00e1v\u011b na epidemiologick\u00e9 situace, nicm\u00e9n\u011b V\u00e1s budeme v\u010das informovat \ud83d\ude42<\/p>\n\n\n\n<figure class=\"wp-block-image size-large\"><img loading=\"lazy\" decoding=\"async\" width=\"724\" height=\"1024\" src=\"https:\/\/www.skauti-plzen.cz\/modryutes\/wp-content\/uploads\/sites\/3\/2022\/02\/Plan-akci-na-2.-pololeti-724x1024.png\" alt=\"\" class=\"wp-image-409\" srcset=\"https:\/\/www.skauti-plzen.cz\/modryutes\/wp-content\/uploads\/sites\/3\/2022\/02\/Plan-akci-na-2.-pololeti-724x1024.png 724w, https:\/\/www.skauti-plzen.cz\/modryutes\/wp-content\/uploads\/sites\/3\/2022\/02\/Plan-akci-na-2.-pololeti-212x300.png 212w, https:\/\/www.skauti-plzen.cz\/modryutes\/wp-content\/uploads\/sites\/3\/2022\/02\/Plan-akci-na-2.-pololeti-768x1086.png 768w, https:\/\/www.skauti-plzen.cz\/modryutes\/wp-content\/uploads\/sites\/3\/2022\/02\/Plan-akci-na-2.-pololeti-1086x1536.png 1086w, https:\/\/www.skauti-plzen.cz\/modryutes\/wp-content\/uploads\/sites\/3\/2022\/02\/Plan-akci-na-2.-pololeti-1200x1697.png 1200w, https:\/\/www.skauti-plzen.cz\/modryutes\/wp-content\/uploads\/sites\/3\/2022\/02\/Plan-akci-na-2.-pololeti.png 1414w\" sizes=\"auto, (max-width: 724px) 100vw, 724px\" \/><\/figure>\n","protected":false},"excerpt":{"rendered":"<p>V\u00e1\u017een\u00ed rodi\u010de, zas\u00edl\u00e1me pl\u00e1n akc\u00ed na druh\u00e9 pololet\u00ed, z\u00e1rove\u0148 si s men\u0161\u00ed kli\u010dkou dovolujeme p\u0159ipomenout, \u017ee zm\u011bna programu vyhrazena \ud83d\ude42 Nicm\u00e9n\u011b nebojte, jde jen o akce, kter\u00e9 se t\u00fdkaj\u00ed V\u00e1s a mohou se do sou\u010dasn\u00e9ho pl\u00e1nu p\u0159idat. Pro\u010d jsme je rovnou nezahrnuli do pl\u00e1nu akc\u00ed? \u010cek\u00e1me na definitivn\u00ed uklidn\u011bn\u00ed epidemiologick\u00e9 situace, ale ur\u010dit\u011b se m\u016f\u017eete [&hellip;]<\/p>\n","protected":false},"author":9,"featured_media":0,"comment_status":"closed","ping_status":"closed","sticky":false,"template":"","format":"standard","meta":{"footnotes":""},"categories":[1],"tags":[],"class_list":["post-408","post","type-post","status-publish","format-standard","hentry","category-nezarazene"],"_links":{"self":[{"href":"https:\/\/www.skauti-plzen.cz\/modryutes\/wp-json\/wp\/v2\/posts\/408","targetHints":{"allow":["GET"]}}],"collection":[{"href":"https:\/\/www.skauti-plzen.cz\/modryutes\/wp-json\/wp\/v2\/posts"}],"about":[{"href":"https:\/\/www.skauti-plzen.cz\/modryutes\/wp-json\/wp\/v2\/types\/post"}],"author":[{"embeddable":true,"href":"https:\/\/www.skauti-plzen.cz\/modryutes\/wp-json\/wp\/v2\/users\/9"}],"replies":[{"embeddable":true,"href":"https:\/\/www.skauti-plzen.cz\/modryutes\/wp-json\/wp\/v2\/comments?post=408"}],"version-history":[{"count":1,"href":"https:\/\/www.skauti-plzen.cz\/modryutes\/wp-json\/wp\/v2\/posts\/408\/revisions"}],"predecessor-version":[{"id":410,"href":"https:\/\/www.skauti-plzen.cz\/modryutes\/wp-json\/wp\/v2\/posts\/408\/revisions\/410"}],"wp:attachment":[{"href":"https:\/\/www.skauti-plzen.cz\/modryutes\/wp-json\/wp\/v2\/media?parent=408"}],"wp:term":[{"taxonomy":"category","embeddable":true,"href":"https:\/\/www.skauti-plzen.cz\/modryutes\/wp-json\/wp\/v2\/categories?post=408"},{"taxonomy":"post_tag","embeddable":true,"href":"https:\/\/www.skauti-plzen.cz\/modryutes\/wp-json\/wp\/v2\/tags?post=408"}],"curies":[{"name":"wp","href":"https:\/\/api.w.org\/{rel}","templated":true}]}}