{"id":394,"date":"2022-02-08T23:59:00","date_gmt":"2022-02-08T22:59:00","guid":{"rendered":"https:\/\/www.skauti-plzen.cz\/modryutes\/?p=394"},"modified":"2022-02-08T22:12:39","modified_gmt":"2022-02-08T21:12:39","slug":"vyprava-do-chvalova","status":"publish","type":"post","link":"https:\/\/www.skauti-plzen.cz\/modryutes\/2022\/02\/08\/vyprava-do-chvalova\/","title":{"rendered":"V\u00fdprava do Chvalova"},"content":{"rendered":"\n<p>V\u00e1\u017een\u00ed rodi\u010de,<\/p>\n\n\n\n<p>p\u0159i \u00fanorov\u00e9 v\u00fdprav\u011b se pod\u00edv\u00e1me do Chvalova, kter\u00fd je v n\u00e1dhern\u00e9 p\u0159\u00edrod\u011b pobl\u00ed\u017e vesnice \u010cekanice.<\/p>\n\n\n\n<p>V\u00fdprava prob\u011bhne o v\u00edkendu 25. &#8211; 27. 2. U\u017e se moc t\u011b\u0161\u00edme \ud83d\ude42<\/p>\n\n\n\n<figure class=\"wp-block-image size-large\"><img loading=\"lazy\" decoding=\"async\" width=\"724\" height=\"1024\" src=\"https:\/\/www.skauti-plzen.cz\/modryutes\/wp-content\/uploads\/sites\/3\/2022\/02\/Kopie-navrhu-Vanocni-vyprava-2021-724x1024.png\" alt=\"\" class=\"wp-image-395\" srcset=\"https:\/\/www.skauti-plzen.cz\/modryutes\/wp-content\/uploads\/sites\/3\/2022\/02\/Kopie-navrhu-Vanocni-vyprava-2021-724x1024.png 724w, https:\/\/www.skauti-plzen.cz\/modryutes\/wp-content\/uploads\/sites\/3\/2022\/02\/Kopie-navrhu-Vanocni-vyprava-2021-212x300.png 212w, https:\/\/www.skauti-plzen.cz\/modryutes\/wp-content\/uploads\/sites\/3\/2022\/02\/Kopie-navrhu-Vanocni-vyprava-2021-768x1086.png 768w, https:\/\/www.skauti-plzen.cz\/modryutes\/wp-content\/uploads\/sites\/3\/2022\/02\/Kopie-navrhu-Vanocni-vyprava-2021-1086x1536.png 1086w, https:\/\/www.skauti-plzen.cz\/modryutes\/wp-content\/uploads\/sites\/3\/2022\/02\/Kopie-navrhu-Vanocni-vyprava-2021-1200x1697.png 1200w, https:\/\/www.skauti-plzen.cz\/modryutes\/wp-content\/uploads\/sites\/3\/2022\/02\/Kopie-navrhu-Vanocni-vyprava-2021.png 1414w\" sizes=\"auto, (max-width: 724px) 100vw, 724px\" \/><\/figure>\n","protected":false},"excerpt":{"rendered":"<p>V\u00e1\u017een\u00ed rodi\u010de, p\u0159i \u00fanorov\u00e9 v\u00fdprav\u011b se pod\u00edv\u00e1me do Chvalova, kter\u00fd je v n\u00e1dhern\u00e9 p\u0159\u00edrod\u011b pobl\u00ed\u017e vesnice \u010cekanice. V\u00fdprava prob\u011bhne o v\u00edkendu 25. &#8211; 27. 2. U\u017e se moc t\u011b\u0161\u00edme \ud83d\ude42<\/p>\n","protected":false},"author":9,"featured_media":0,"comment_status":"closed","ping_status":"closed","sticky":false,"template":"","format":"standard","meta":{"footnotes":""},"categories":[1],"tags":[],"class_list":["post-394","post","type-post","status-publish","format-standard","hentry","category-nezarazene"],"_links":{"self":[{"href":"https:\/\/www.skauti-plzen.cz\/modryutes\/wp-json\/wp\/v2\/posts\/394","targetHints":{"allow":["GET"]}}],"collection":[{"href":"https:\/\/www.skauti-plzen.cz\/modryutes\/wp-json\/wp\/v2\/posts"}],"about":[{"href":"https:\/\/www.skauti-plzen.cz\/modryutes\/wp-json\/wp\/v2\/types\/post"}],"author":[{"embeddable":true,"href":"https:\/\/www.skauti-plzen.cz\/modryutes\/wp-json\/wp\/v2\/users\/9"}],"replies":[{"embeddable":true,"href":"https:\/\/www.skauti-plzen.cz\/modryutes\/wp-json\/wp\/v2\/comments?post=394"}],"version-history":[{"count":1,"href":"https:\/\/www.skauti-plzen.cz\/modryutes\/wp-json\/wp\/v2\/posts\/394\/revisions"}],"predecessor-version":[{"id":396,"href":"https:\/\/www.skauti-plzen.cz\/modryutes\/wp-json\/wp\/v2\/posts\/394\/revisions\/396"}],"wp:attachment":[{"href":"https:\/\/www.skauti-plzen.cz\/modryutes\/wp-json\/wp\/v2\/media?parent=394"}],"wp:term":[{"taxonomy":"category","embeddable":true,"href":"https:\/\/www.skauti-plzen.cz\/modryutes\/wp-json\/wp\/v2\/categories?post=394"},{"taxonomy":"post_tag","embeddable":true,"href":"https:\/\/www.skauti-plzen.cz\/modryutes\/wp-json\/wp\/v2\/tags?post=394"}],"curies":[{"name":"wp","href":"https:\/\/api.w.org\/{rel}","templated":true}]}}