{"id":391,"date":"2022-01-16T20:08:18","date_gmt":"2022-01-16T19:08:18","guid":{"rendered":"https:\/\/www.skauti-plzen.cz\/modryutes\/?p=391"},"modified":"2022-01-16T20:08:18","modified_gmt":"2022-01-16T19:08:18","slug":"vyprava-na-kozel","status":"publish","type":"post","link":"https:\/\/www.skauti-plzen.cz\/modryutes\/2022\/01\/16\/vyprava-na-kozel\/","title":{"rendered":"V\u00fdprava na Kozel"},"content":{"rendered":"\n<p>V\u00e1\u017een\u00ed rodi\u010de,<\/p>\n\n\n\n<p>se za\u010d\u00e1tkem nov\u00e9ho roku p\u0159ich\u00e1z\u00ed tak\u00e9 prvn\u00ed v\u00fdprava, a to v\u00fdprava na Kozel. V\u011b\u0159\u00edme, \u017ee n\u00e1m vyjde hezk\u00e9 po\u010das\u00ed. Budeme se na Va\u0161e d\u011bti t\u011b\u0161it, douf\u00e1me, \u017ee \u00fa\u010dast bude hojn\u00e1 \ud83d\ude42<\/p>\n\n\n\n<figure class=\"wp-block-image size-large\"><img loading=\"lazy\" decoding=\"async\" width=\"724\" height=\"1024\" src=\"https:\/\/www.skauti-plzen.cz\/modryutes\/wp-content\/uploads\/sites\/3\/2022\/01\/Kopie-navrhu-Glum-pozvanka-na-vypravu-1-724x1024.png\" alt=\"\" class=\"wp-image-392\" srcset=\"https:\/\/www.skauti-plzen.cz\/modryutes\/wp-content\/uploads\/sites\/3\/2022\/01\/Kopie-navrhu-Glum-pozvanka-na-vypravu-1-724x1024.png 724w, https:\/\/www.skauti-plzen.cz\/modryutes\/wp-content\/uploads\/sites\/3\/2022\/01\/Kopie-navrhu-Glum-pozvanka-na-vypravu-1-212x300.png 212w, https:\/\/www.skauti-plzen.cz\/modryutes\/wp-content\/uploads\/sites\/3\/2022\/01\/Kopie-navrhu-Glum-pozvanka-na-vypravu-1-768x1086.png 768w, https:\/\/www.skauti-plzen.cz\/modryutes\/wp-content\/uploads\/sites\/3\/2022\/01\/Kopie-navrhu-Glum-pozvanka-na-vypravu-1-1086x1536.png 1086w, https:\/\/www.skauti-plzen.cz\/modryutes\/wp-content\/uploads\/sites\/3\/2022\/01\/Kopie-navrhu-Glum-pozvanka-na-vypravu-1-1200x1697.png 1200w, https:\/\/www.skauti-plzen.cz\/modryutes\/wp-content\/uploads\/sites\/3\/2022\/01\/Kopie-navrhu-Glum-pozvanka-na-vypravu-1.png 1414w\" sizes=\"auto, (max-width: 724px) 100vw, 724px\" \/><\/figure>\n","protected":false},"excerpt":{"rendered":"<p>V\u00e1\u017een\u00ed rodi\u010de, se za\u010d\u00e1tkem nov\u00e9ho roku p\u0159ich\u00e1z\u00ed tak\u00e9 prvn\u00ed v\u00fdprava, a to v\u00fdprava na Kozel. V\u011b\u0159\u00edme, \u017ee n\u00e1m vyjde hezk\u00e9 po\u010das\u00ed. Budeme se na Va\u0161e d\u011bti t\u011b\u0161it, douf\u00e1me, \u017ee \u00fa\u010dast bude hojn\u00e1 \ud83d\ude42<\/p>\n","protected":false},"author":9,"featured_media":0,"comment_status":"closed","ping_status":"closed","sticky":false,"template":"","format":"standard","meta":{"footnotes":""},"categories":[1],"tags":[],"class_list":["post-391","post","type-post","status-publish","format-standard","hentry","category-nezarazene"],"_links":{"self":[{"href":"https:\/\/www.skauti-plzen.cz\/modryutes\/wp-json\/wp\/v2\/posts\/391","targetHints":{"allow":["GET"]}}],"collection":[{"href":"https:\/\/www.skauti-plzen.cz\/modryutes\/wp-json\/wp\/v2\/posts"}],"about":[{"href":"https:\/\/www.skauti-plzen.cz\/modryutes\/wp-json\/wp\/v2\/types\/post"}],"author":[{"embeddable":true,"href":"https:\/\/www.skauti-plzen.cz\/modryutes\/wp-json\/wp\/v2\/users\/9"}],"replies":[{"embeddable":true,"href":"https:\/\/www.skauti-plzen.cz\/modryutes\/wp-json\/wp\/v2\/comments?post=391"}],"version-history":[{"count":1,"href":"https:\/\/www.skauti-plzen.cz\/modryutes\/wp-json\/wp\/v2\/posts\/391\/revisions"}],"predecessor-version":[{"id":393,"href":"https:\/\/www.skauti-plzen.cz\/modryutes\/wp-json\/wp\/v2\/posts\/391\/revisions\/393"}],"wp:attachment":[{"href":"https:\/\/www.skauti-plzen.cz\/modryutes\/wp-json\/wp\/v2\/media?parent=391"}],"wp:term":[{"taxonomy":"category","embeddable":true,"href":"https:\/\/www.skauti-plzen.cz\/modryutes\/wp-json\/wp\/v2\/categories?post=391"},{"taxonomy":"post_tag","embeddable":true,"href":"https:\/\/www.skauti-plzen.cz\/modryutes\/wp-json\/wp\/v2\/tags?post=391"}],"curies":[{"name":"wp","href":"https:\/\/api.w.org\/{rel}","templated":true}]}}