{"id":356,"date":"2021-11-25T16:39:00","date_gmt":"2021-11-25T15:39:00","guid":{"rendered":"https:\/\/www.skauti-plzen.cz\/modryutes\/?p=356"},"modified":"2021-11-24T16:48:06","modified_gmt":"2021-11-24T15:48:06","slug":"vanocni-vyprava","status":"publish","type":"post","link":"https:\/\/www.skauti-plzen.cz\/modryutes\/2021\/11\/25\/vanocni-vyprava\/","title":{"rendered":"V\u00e1no\u010dn\u00ed v\u00fdprava"},"content":{"rendered":"\n<p>V\u00e1\u017een\u00ed rodi\u010de, mil\u00e9 d\u011bti,<\/p>\n\n\n\n<p>zas\u00edl\u00e1me pozv\u00e1nku na vrcholnou akci tohoto \u0161koln\u00edho pololet\u00ed. Jedn\u00e1 se samoz\u0159ejm\u011b o v\u00e1no\u010dn\u00ed v\u00fdpravu. V\u0161ichni se na ni t\u011b\u0161\u00edme. V\u011b\u0159\u00edme, \u017ee se ji poda\u0159\u00ed uspo\u0159\u00e1dat, proto\u017ee jak jist\u011b v\u00edte situace nen\u00ed nejlep\u0161\u00ed.<\/p>\n\n\n\n<p>Nicm\u00e9n\u011b zat\u00edm s v\u00e1no\u010dn\u00ed v\u00fdpravou, p\u0159i kter\u00e9 budeme ubytov\u00e1ni v Su\u0161ici, po\u010d\u00edt\u00e1me v tomto form\u00e1tu &#8211; klasick\u00e9m.<\/p>\n\n\n\n<p>D\u00e1rky a cukrov\u00ed jsou dozajista v\u00edtanou polo\u017ekou v batohu Va\u0161ich d\u011bt\u00ed \ud83d\ude42<\/p>\n\n\n\n<figure class=\"wp-block-image size-large\"><img loading=\"lazy\" decoding=\"async\" width=\"724\" height=\"1024\" src=\"https:\/\/www.skauti-plzen.cz\/modryutes\/wp-content\/uploads\/sites\/3\/2021\/11\/Vanocni-vyprava-2021-724x1024.png\" alt=\"\" class=\"wp-image-357\" srcset=\"https:\/\/www.skauti-plzen.cz\/modryutes\/wp-content\/uploads\/sites\/3\/2021\/11\/Vanocni-vyprava-2021-724x1024.png 724w, https:\/\/www.skauti-plzen.cz\/modryutes\/wp-content\/uploads\/sites\/3\/2021\/11\/Vanocni-vyprava-2021-212x300.png 212w, https:\/\/www.skauti-plzen.cz\/modryutes\/wp-content\/uploads\/sites\/3\/2021\/11\/Vanocni-vyprava-2021-768x1086.png 768w, https:\/\/www.skauti-plzen.cz\/modryutes\/wp-content\/uploads\/sites\/3\/2021\/11\/Vanocni-vyprava-2021-1086x1536.png 1086w, https:\/\/www.skauti-plzen.cz\/modryutes\/wp-content\/uploads\/sites\/3\/2021\/11\/Vanocni-vyprava-2021-1200x1697.png 1200w, https:\/\/www.skauti-plzen.cz\/modryutes\/wp-content\/uploads\/sites\/3\/2021\/11\/Vanocni-vyprava-2021.png 1414w\" sizes=\"auto, (max-width: 724px) 100vw, 724px\" \/><\/figure>\n\n\n\n<p><\/p>\n","protected":false},"excerpt":{"rendered":"<p>V\u00e1\u017een\u00ed rodi\u010de, mil\u00e9 d\u011bti, zas\u00edl\u00e1me pozv\u00e1nku na vrcholnou akci tohoto \u0161koln\u00edho pololet\u00ed. Jedn\u00e1 se samoz\u0159ejm\u011b o v\u00e1no\u010dn\u00ed v\u00fdpravu. V\u0161ichni se na ni t\u011b\u0161\u00edme. V\u011b\u0159\u00edme, \u017ee se ji poda\u0159\u00ed uspo\u0159\u00e1dat, proto\u017ee jak jist\u011b v\u00edte situace nen\u00ed nejlep\u0161\u00ed. Nicm\u00e9n\u011b zat\u00edm s v\u00e1no\u010dn\u00ed v\u00fdpravou, p\u0159i kter\u00e9 budeme ubytov\u00e1ni v Su\u0161ici, po\u010d\u00edt\u00e1me v tomto form\u00e1tu &#8211; klasick\u00e9m. D\u00e1rky a [&hellip;]<\/p>\n","protected":false},"author":9,"featured_media":0,"comment_status":"closed","ping_status":"closed","sticky":false,"template":"","format":"standard","meta":{"footnotes":""},"categories":[1],"tags":[],"class_list":["post-356","post","type-post","status-publish","format-standard","hentry","category-nezarazene"],"_links":{"self":[{"href":"https:\/\/www.skauti-plzen.cz\/modryutes\/wp-json\/wp\/v2\/posts\/356","targetHints":{"allow":["GET"]}}],"collection":[{"href":"https:\/\/www.skauti-plzen.cz\/modryutes\/wp-json\/wp\/v2\/posts"}],"about":[{"href":"https:\/\/www.skauti-plzen.cz\/modryutes\/wp-json\/wp\/v2\/types\/post"}],"author":[{"embeddable":true,"href":"https:\/\/www.skauti-plzen.cz\/modryutes\/wp-json\/wp\/v2\/users\/9"}],"replies":[{"embeddable":true,"href":"https:\/\/www.skauti-plzen.cz\/modryutes\/wp-json\/wp\/v2\/comments?post=356"}],"version-history":[{"count":1,"href":"https:\/\/www.skauti-plzen.cz\/modryutes\/wp-json\/wp\/v2\/posts\/356\/revisions"}],"predecessor-version":[{"id":358,"href":"https:\/\/www.skauti-plzen.cz\/modryutes\/wp-json\/wp\/v2\/posts\/356\/revisions\/358"}],"wp:attachment":[{"href":"https:\/\/www.skauti-plzen.cz\/modryutes\/wp-json\/wp\/v2\/media?parent=356"}],"wp:term":[{"taxonomy":"category","embeddable":true,"href":"https:\/\/www.skauti-plzen.cz\/modryutes\/wp-json\/wp\/v2\/categories?post=356"},{"taxonomy":"post_tag","embeddable":true,"href":"https:\/\/www.skauti-plzen.cz\/modryutes\/wp-json\/wp\/v2\/tags?post=356"}],"curies":[{"name":"wp","href":"https:\/\/api.w.org\/{rel}","templated":true}]}}