{"id":341,"date":"2021-11-08T14:42:11","date_gmt":"2021-11-08T13:42:11","guid":{"rendered":"https:\/\/www.skauti-plzen.cz\/modryutes\/?p=341"},"modified":"2021-11-08T14:42:11","modified_gmt":"2021-11-08T13:42:11","slug":"vyprava-za-pamatkami","status":"publish","type":"post","link":"https:\/\/www.skauti-plzen.cz\/modryutes\/2021\/11\/08\/vyprava-za-pamatkami\/","title":{"rendered":"V\u00fdprava za pam\u00e1tkami"},"content":{"rendered":"\n<p>V\u00e1\u017een\u00ed rodi\u010de, mil\u00e9 d\u011bti,<\/p>\n\n\n\n<p>tuto sobotu (13. 11.) se pod\u00edv\u00e1me za kr\u00e1sami plze\u0148sk\u00e9 kultury, s d\u011btmi si procvi\u010d\u00edme z\u00e1kladn\u00ed orientaci a z\u00e1v\u011brem bude i n\u011bjak\u00e1 sladk\u00e1 odm\u011bna.<\/p>\n\n\n\n<p>Budeme se t\u011b\u0161it \ud83d\ude42<\/p>\n\n\n\n<figure class=\"wp-block-image size-large\"><img loading=\"lazy\" decoding=\"async\" width=\"724\" height=\"1024\" src=\"https:\/\/www.skauti-plzen.cz\/modryutes\/wp-content\/uploads\/sites\/3\/2021\/11\/Vyprava-za-pamatkami-724x1024.png\" alt=\"\" class=\"wp-image-342\" srcset=\"https:\/\/www.skauti-plzen.cz\/modryutes\/wp-content\/uploads\/sites\/3\/2021\/11\/Vyprava-za-pamatkami-724x1024.png 724w, https:\/\/www.skauti-plzen.cz\/modryutes\/wp-content\/uploads\/sites\/3\/2021\/11\/Vyprava-za-pamatkami-212x300.png 212w, https:\/\/www.skauti-plzen.cz\/modryutes\/wp-content\/uploads\/sites\/3\/2021\/11\/Vyprava-za-pamatkami-768x1086.png 768w, https:\/\/www.skauti-plzen.cz\/modryutes\/wp-content\/uploads\/sites\/3\/2021\/11\/Vyprava-za-pamatkami-1086x1536.png 1086w, https:\/\/www.skauti-plzen.cz\/modryutes\/wp-content\/uploads\/sites\/3\/2021\/11\/Vyprava-za-pamatkami-1200x1697.png 1200w, https:\/\/www.skauti-plzen.cz\/modryutes\/wp-content\/uploads\/sites\/3\/2021\/11\/Vyprava-za-pamatkami.png 1414w\" sizes=\"auto, (max-width: 724px) 100vw, 724px\" \/><\/figure>\n","protected":false},"excerpt":{"rendered":"<p>V\u00e1\u017een\u00ed rodi\u010de, mil\u00e9 d\u011bti, tuto sobotu (13. 11.) se pod\u00edv\u00e1me za kr\u00e1sami plze\u0148sk\u00e9 kultury, s d\u011btmi si procvi\u010d\u00edme z\u00e1kladn\u00ed orientaci a z\u00e1v\u011brem bude i n\u011bjak\u00e1 sladk\u00e1 odm\u011bna. Budeme se t\u011b\u0161it \ud83d\ude42<\/p>\n","protected":false},"author":9,"featured_media":0,"comment_status":"closed","ping_status":"closed","sticky":false,"template":"","format":"standard","meta":{"footnotes":""},"categories":[1],"tags":[],"class_list":["post-341","post","type-post","status-publish","format-standard","hentry","category-nezarazene"],"_links":{"self":[{"href":"https:\/\/www.skauti-plzen.cz\/modryutes\/wp-json\/wp\/v2\/posts\/341","targetHints":{"allow":["GET"]}}],"collection":[{"href":"https:\/\/www.skauti-plzen.cz\/modryutes\/wp-json\/wp\/v2\/posts"}],"about":[{"href":"https:\/\/www.skauti-plzen.cz\/modryutes\/wp-json\/wp\/v2\/types\/post"}],"author":[{"embeddable":true,"href":"https:\/\/www.skauti-plzen.cz\/modryutes\/wp-json\/wp\/v2\/users\/9"}],"replies":[{"embeddable":true,"href":"https:\/\/www.skauti-plzen.cz\/modryutes\/wp-json\/wp\/v2\/comments?post=341"}],"version-history":[{"count":1,"href":"https:\/\/www.skauti-plzen.cz\/modryutes\/wp-json\/wp\/v2\/posts\/341\/revisions"}],"predecessor-version":[{"id":343,"href":"https:\/\/www.skauti-plzen.cz\/modryutes\/wp-json\/wp\/v2\/posts\/341\/revisions\/343"}],"wp:attachment":[{"href":"https:\/\/www.skauti-plzen.cz\/modryutes\/wp-json\/wp\/v2\/media?parent=341"}],"wp:term":[{"taxonomy":"category","embeddable":true,"href":"https:\/\/www.skauti-plzen.cz\/modryutes\/wp-json\/wp\/v2\/categories?post=341"},{"taxonomy":"post_tag","embeddable":true,"href":"https:\/\/www.skauti-plzen.cz\/modryutes\/wp-json\/wp\/v2\/tags?post=341"}],"curies":[{"name":"wp","href":"https:\/\/api.w.org\/{rel}","templated":true}]}}