{"id":1356,"date":"2026-02-26T11:08:53","date_gmt":"2026-02-26T10:08:53","guid":{"rendered":"https:\/\/www.skauti-plzen.cz\/modryutes\/?p=1356"},"modified":"2026-02-26T11:08:53","modified_gmt":"2026-02-26T10:08:53","slug":"plan-akci-druhe-pololeti-2","status":"publish","type":"post","link":"https:\/\/www.skauti-plzen.cz\/modryutes\/2026\/02\/26\/plan-akci-druhe-pololeti-2\/","title":{"rendered":"Pl\u00e1n akc\u00ed druh\u00e9 pololet\u00ed"},"content":{"rendered":"\n<p>V\u00e1\u017een\u00ed rodi\u010de, mil\u00e9 \u010dlenky, mil\u00ed \u010dlenov\u00e9,<\/p>\n\n\n\n<p>n\u00ed\u017ee pos\u00edl\u00e1me seznam akc\u00ed na druh\u00e9 pololet\u00ed, za\u017eijeme nejen akce po dru\u017ein\u00e1ch, odd\u00edlu, ale tak\u00e9 nap\u0159\u00edklad akci na t\u00e9ma Divok\u00fd z\u00e1pad, kter\u00e1 bude pro cel\u00e9 st\u0159edisko. Rovn\u011b\u017e jsme si p\u0159ipravili dv\u011b akce p\u0159\u00edmo pro V\u00e1s, pro rodi\u010de. Samoz\u0159ejmost\u00ed z\u016fst\u00e1v\u00e1 i \u010dervnov\u00e1 grilova\u010dka.<\/p>\n\n\n\n<p>Budeme se na v\u0161echny akce, kde se uvid\u00edme, t\u011b\u0161it \ud83d\ude42<\/p>\n\n\n\n<figure class=\"wp-block-image size-full\"><img loading=\"lazy\" decoding=\"async\" width=\"548\" height=\"776\" src=\"https:\/\/www.skauti-plzen.cz\/modryutes\/wp-content\/uploads\/sites\/3\/2026\/02\/image.png\" alt=\"\" class=\"wp-image-1357\" srcset=\"https:\/\/www.skauti-plzen.cz\/modryutes\/wp-content\/uploads\/sites\/3\/2026\/02\/image.png 548w, https:\/\/www.skauti-plzen.cz\/modryutes\/wp-content\/uploads\/sites\/3\/2026\/02\/image-212x300.png 212w\" sizes=\"auto, (max-width: 548px) 100vw, 548px\" \/><\/figure>\n","protected":false},"excerpt":{"rendered":"<p>V\u00e1\u017een\u00ed rodi\u010de, mil\u00e9 \u010dlenky, mil\u00ed \u010dlenov\u00e9, n\u00ed\u017ee pos\u00edl\u00e1me seznam akc\u00ed na druh\u00e9 pololet\u00ed, za\u017eijeme nejen akce po dru\u017ein\u00e1ch, odd\u00edlu, ale tak\u00e9 nap\u0159\u00edklad akci na t\u00e9ma Divok\u00fd z\u00e1pad, kter\u00e1 bude pro cel\u00e9 st\u0159edisko. Rovn\u011b\u017e jsme si p\u0159ipravili dv\u011b akce p\u0159\u00edmo pro V\u00e1s, pro rodi\u010de. Samoz\u0159ejmost\u00ed z\u016fst\u00e1v\u00e1 i \u010dervnov\u00e1 grilova\u010dka. Budeme se na v\u0161echny akce, kde se [&hellip;]<\/p>\n","protected":false},"author":9,"featured_media":0,"comment_status":"closed","ping_status":"closed","sticky":false,"template":"","format":"standard","meta":{"footnotes":""},"categories":[1],"tags":[],"class_list":["post-1356","post","type-post","status-publish","format-standard","hentry","category-nezarazene"],"_links":{"self":[{"href":"https:\/\/www.skauti-plzen.cz\/modryutes\/wp-json\/wp\/v2\/posts\/1356","targetHints":{"allow":["GET"]}}],"collection":[{"href":"https:\/\/www.skauti-plzen.cz\/modryutes\/wp-json\/wp\/v2\/posts"}],"about":[{"href":"https:\/\/www.skauti-plzen.cz\/modryutes\/wp-json\/wp\/v2\/types\/post"}],"author":[{"embeddable":true,"href":"https:\/\/www.skauti-plzen.cz\/modryutes\/wp-json\/wp\/v2\/users\/9"}],"replies":[{"embeddable":true,"href":"https:\/\/www.skauti-plzen.cz\/modryutes\/wp-json\/wp\/v2\/comments?post=1356"}],"version-history":[{"count":1,"href":"https:\/\/www.skauti-plzen.cz\/modryutes\/wp-json\/wp\/v2\/posts\/1356\/revisions"}],"predecessor-version":[{"id":1358,"href":"https:\/\/www.skauti-plzen.cz\/modryutes\/wp-json\/wp\/v2\/posts\/1356\/revisions\/1358"}],"wp:attachment":[{"href":"https:\/\/www.skauti-plzen.cz\/modryutes\/wp-json\/wp\/v2\/media?parent=1356"}],"wp:term":[{"taxonomy":"category","embeddable":true,"href":"https:\/\/www.skauti-plzen.cz\/modryutes\/wp-json\/wp\/v2\/categories?post=1356"},{"taxonomy":"post_tag","embeddable":true,"href":"https:\/\/www.skauti-plzen.cz\/modryutes\/wp-json\/wp\/v2\/tags?post=1356"}],"curies":[{"name":"wp","href":"https:\/\/api.w.org\/{rel}","templated":true}]}}