{"id":1265,"date":"2025-05-30T16:43:49","date_gmt":"2025-05-30T14:43:49","guid":{"rendered":"https:\/\/www.skauti-plzen.cz\/modryutes\/?p=1265"},"modified":"2025-05-30T16:43:49","modified_gmt":"2025-05-30T14:43:49","slug":"oddilova-grilovacka-2","status":"publish","type":"post","link":"https:\/\/www.skauti-plzen.cz\/modryutes\/2025\/05\/30\/oddilova-grilovacka-2\/","title":{"rendered":"Odd\u00edlov\u00e1 grilova\u010dka"},"content":{"rendered":"\n<p>V\u00e1\u017een\u00ed rodi\u010de,<\/p>\n\n\n\n<p>ji\u017e tradi\u010dn\u011b si dovolujeme pozvat V\u00e1s, ale i Va\u0161e d\u011bti na odd\u00edlovou grilova\u010dku, kter\u00e1 se uskute\u010dn\u00ed 26. 6. od 17:30, a to u na\u0161\u00ed klubovny. Sta\u010d\u00ed dorazit s n\u011bjak\u00fdm dobr\u00fdm pit\u00edm a j\u00eddlem. Zbytek ji\u017e za\u0159\u00edd\u00edme my.<\/p>\n\n\n\n<p>Budeme se t\u011b\u0161it na hojnou \u00fa\u010dast \ud83d\ude42<\/p>\n\n\n\n<figure class=\"wp-block-image size-large\"><img loading=\"lazy\" decoding=\"async\" width=\"724\" height=\"1024\" src=\"https:\/\/www.skauti-plzen.cz\/modryutes\/wp-content\/uploads\/sites\/3\/2025\/05\/Ucitel-grilovani-2019-1-724x1024.png\" alt=\"\" class=\"wp-image-1266\" srcset=\"https:\/\/www.skauti-plzen.cz\/modryutes\/wp-content\/uploads\/sites\/3\/2025\/05\/Ucitel-grilovani-2019-1-724x1024.png 724w, https:\/\/www.skauti-plzen.cz\/modryutes\/wp-content\/uploads\/sites\/3\/2025\/05\/Ucitel-grilovani-2019-1-212x300.png 212w, https:\/\/www.skauti-plzen.cz\/modryutes\/wp-content\/uploads\/sites\/3\/2025\/05\/Ucitel-grilovani-2019-1-768x1086.png 768w, https:\/\/www.skauti-plzen.cz\/modryutes\/wp-content\/uploads\/sites\/3\/2025\/05\/Ucitel-grilovani-2019-1-1086x1536.png 1086w, https:\/\/www.skauti-plzen.cz\/modryutes\/wp-content\/uploads\/sites\/3\/2025\/05\/Ucitel-grilovani-2019-1-1200x1697.png 1200w, https:\/\/www.skauti-plzen.cz\/modryutes\/wp-content\/uploads\/sites\/3\/2025\/05\/Ucitel-grilovani-2019-1.png 1414w\" sizes=\"auto, (max-width: 724px) 100vw, 724px\" \/><\/figure>\n","protected":false},"excerpt":{"rendered":"<p>V\u00e1\u017een\u00ed rodi\u010de, ji\u017e tradi\u010dn\u011b si dovolujeme pozvat V\u00e1s, ale i Va\u0161e d\u011bti na odd\u00edlovou grilova\u010dku, kter\u00e1 se uskute\u010dn\u00ed 26. 6. od 17:30, a to u na\u0161\u00ed klubovny. Sta\u010d\u00ed dorazit s n\u011bjak\u00fdm dobr\u00fdm pit\u00edm a j\u00eddlem. Zbytek ji\u017e za\u0159\u00edd\u00edme my. Budeme se t\u011b\u0161it na hojnou \u00fa\u010dast \ud83d\ude42<\/p>\n","protected":false},"author":9,"featured_media":0,"comment_status":"closed","ping_status":"closed","sticky":false,"template":"","format":"standard","meta":{"footnotes":""},"categories":[1],"tags":[],"class_list":["post-1265","post","type-post","status-publish","format-standard","hentry","category-nezarazene"],"_links":{"self":[{"href":"https:\/\/www.skauti-plzen.cz\/modryutes\/wp-json\/wp\/v2\/posts\/1265","targetHints":{"allow":["GET"]}}],"collection":[{"href":"https:\/\/www.skauti-plzen.cz\/modryutes\/wp-json\/wp\/v2\/posts"}],"about":[{"href":"https:\/\/www.skauti-plzen.cz\/modryutes\/wp-json\/wp\/v2\/types\/post"}],"author":[{"embeddable":true,"href":"https:\/\/www.skauti-plzen.cz\/modryutes\/wp-json\/wp\/v2\/users\/9"}],"replies":[{"embeddable":true,"href":"https:\/\/www.skauti-plzen.cz\/modryutes\/wp-json\/wp\/v2\/comments?post=1265"}],"version-history":[{"count":1,"href":"https:\/\/www.skauti-plzen.cz\/modryutes\/wp-json\/wp\/v2\/posts\/1265\/revisions"}],"predecessor-version":[{"id":1267,"href":"https:\/\/www.skauti-plzen.cz\/modryutes\/wp-json\/wp\/v2\/posts\/1265\/revisions\/1267"}],"wp:attachment":[{"href":"https:\/\/www.skauti-plzen.cz\/modryutes\/wp-json\/wp\/v2\/media?parent=1265"}],"wp:term":[{"taxonomy":"category","embeddable":true,"href":"https:\/\/www.skauti-plzen.cz\/modryutes\/wp-json\/wp\/v2\/categories?post=1265"},{"taxonomy":"post_tag","embeddable":true,"href":"https:\/\/www.skauti-plzen.cz\/modryutes\/wp-json\/wp\/v2\/tags?post=1265"}],"curies":[{"name":"wp","href":"https:\/\/api.w.org\/{rel}","templated":true}]}}