{"id":1229,"date":"2025-02-05T12:13:26","date_gmt":"2025-02-05T11:13:26","guid":{"rendered":"https:\/\/www.skauti-plzen.cz\/modryutes\/?p=1229"},"modified":"2025-01-31T12:15:36","modified_gmt":"2025-01-31T11:15:36","slug":"oddilova-vyprava-do-mostu","status":"publish","type":"post","link":"https:\/\/www.skauti-plzen.cz\/modryutes\/2025\/02\/05\/oddilova-vyprava-do-mostu\/","title":{"rendered":"Odd\u00edlov\u00e1 v\u00fdprava do Mostu"},"content":{"rendered":"\n<p>V\u00e1\u017een\u00ed rodi\u010de,<\/p>\n\n\n\n<p>v \u00fanoru se vyprav\u00edme do vzd\u00e1len\u011bj\u0161\u00edch z\u00e1kout\u00ed \u010desk\u00e9 krajiny, a to konkr\u00e9tn\u011b do Mostu, kde se pod\u00edv\u00e1me nejen na okoln\u00ed p\u0159\u00edrodu, ale zam\u011b\u0159\u00edme se i na ekologick\u00e9 dopady, kter\u00e9 se k Mostu v\u00e1\u017eou. Budeme r\u00e1di, kdy\u017e bude hojn\u00e1 \u00fa\u010dast \ud83d\ude42<\/p>\n\n\n\n<figure class=\"wp-block-image size-large\"><img loading=\"lazy\" decoding=\"async\" width=\"724\" height=\"1024\" src=\"https:\/\/www.skauti-plzen.cz\/modryutes\/wp-content\/uploads\/sites\/3\/2025\/01\/vyprava-do-mostu-724x1024.png\" alt=\"\" class=\"wp-image-1230\" srcset=\"https:\/\/www.skauti-plzen.cz\/modryutes\/wp-content\/uploads\/sites\/3\/2025\/01\/vyprava-do-mostu-724x1024.png 724w, https:\/\/www.skauti-plzen.cz\/modryutes\/wp-content\/uploads\/sites\/3\/2025\/01\/vyprava-do-mostu-212x300.png 212w, https:\/\/www.skauti-plzen.cz\/modryutes\/wp-content\/uploads\/sites\/3\/2025\/01\/vyprava-do-mostu-768x1086.png 768w, https:\/\/www.skauti-plzen.cz\/modryutes\/wp-content\/uploads\/sites\/3\/2025\/01\/vyprava-do-mostu-1086x1536.png 1086w, https:\/\/www.skauti-plzen.cz\/modryutes\/wp-content\/uploads\/sites\/3\/2025\/01\/vyprava-do-mostu-1200x1697.png 1200w, https:\/\/www.skauti-plzen.cz\/modryutes\/wp-content\/uploads\/sites\/3\/2025\/01\/vyprava-do-mostu.png 1414w\" sizes=\"auto, (max-width: 724px) 100vw, 724px\" \/><\/figure>\n","protected":false},"excerpt":{"rendered":"<p>V\u00e1\u017een\u00ed rodi\u010de, v \u00fanoru se vyprav\u00edme do vzd\u00e1len\u011bj\u0161\u00edch z\u00e1kout\u00ed \u010desk\u00e9 krajiny, a to konkr\u00e9tn\u011b do Mostu, kde se pod\u00edv\u00e1me nejen na okoln\u00ed p\u0159\u00edrodu, ale zam\u011b\u0159\u00edme se i na ekologick\u00e9 dopady, kter\u00e9 se k Mostu v\u00e1\u017eou. Budeme r\u00e1di, kdy\u017e bude hojn\u00e1 \u00fa\u010dast \ud83d\ude42<\/p>\n","protected":false},"author":9,"featured_media":0,"comment_status":"closed","ping_status":"closed","sticky":false,"template":"","format":"standard","meta":{"footnotes":""},"categories":[1],"tags":[],"class_list":["post-1229","post","type-post","status-publish","format-standard","hentry","category-nezarazene"],"_links":{"self":[{"href":"https:\/\/www.skauti-plzen.cz\/modryutes\/wp-json\/wp\/v2\/posts\/1229","targetHints":{"allow":["GET"]}}],"collection":[{"href":"https:\/\/www.skauti-plzen.cz\/modryutes\/wp-json\/wp\/v2\/posts"}],"about":[{"href":"https:\/\/www.skauti-plzen.cz\/modryutes\/wp-json\/wp\/v2\/types\/post"}],"author":[{"embeddable":true,"href":"https:\/\/www.skauti-plzen.cz\/modryutes\/wp-json\/wp\/v2\/users\/9"}],"replies":[{"embeddable":true,"href":"https:\/\/www.skauti-plzen.cz\/modryutes\/wp-json\/wp\/v2\/comments?post=1229"}],"version-history":[{"count":1,"href":"https:\/\/www.skauti-plzen.cz\/modryutes\/wp-json\/wp\/v2\/posts\/1229\/revisions"}],"predecessor-version":[{"id":1231,"href":"https:\/\/www.skauti-plzen.cz\/modryutes\/wp-json\/wp\/v2\/posts\/1229\/revisions\/1231"}],"wp:attachment":[{"href":"https:\/\/www.skauti-plzen.cz\/modryutes\/wp-json\/wp\/v2\/media?parent=1229"}],"wp:term":[{"taxonomy":"category","embeddable":true,"href":"https:\/\/www.skauti-plzen.cz\/modryutes\/wp-json\/wp\/v2\/categories?post=1229"},{"taxonomy":"post_tag","embeddable":true,"href":"https:\/\/www.skauti-plzen.cz\/modryutes\/wp-json\/wp\/v2\/tags?post=1229"}],"curies":[{"name":"wp","href":"https:\/\/api.w.org\/{rel}","templated":true}]}}