{"id":1159,"date":"2024-09-11T09:29:00","date_gmt":"2024-09-11T07:29:00","guid":{"rendered":"https:\/\/www.skauti-plzen.cz\/modryutes\/?p=1159"},"modified":"2024-09-10T12:55:53","modified_gmt":"2024-09-10T10:55:53","slug":"zarijova-vyprava-kr-fotky","status":"publish","type":"post","link":"https:\/\/www.skauti-plzen.cz\/modryutes\/2024\/09\/11\/zarijova-vyprava-kr-fotky\/","title":{"rendered":"Z\u00e1\u0159ijov\u00e1 v\u00fdprava K+R &#8211; fotky"},"content":{"rendered":"\n<p>V\u00e1\u017een\u00ed rodi\u010de,<\/p>\n\n\n\n<p>n\u00ed\u017ee naleznete v\u00fdb\u011br fotek z v\u00fdpravy Khepery a Rychl\u00edk\u016f. V\u00fdprava se uskute\u010dnila b\u011bhem posledn\u00edho kr\u00e1sn\u00e9ho po\u010das\u00ed tohoto roku, alespo\u0148 s nejv\u011bt\u0161\u00ed pravd\u011bpodobnost\u00ed. Pokud by V\u00e1m pro dostate\u010dn\u00e9 vc\u00edt\u011bn\u00ed se do atmosf\u00e9ry \u0160umavy zalit\u00e9 sluncem nesta\u010dilo t\u011bchto p\u00e1r fotek, tak v\u00edcero jich m\u016f\u017eete naleznout na na\u0161em odd\u00edlov\u00e9m raj\u010deti \ud83d\ude42<\/p>\n\n\n\n<figure class=\"wp-block-gallery has-nested-images columns-default is-cropped wp-block-gallery-1 is-layout-flex wp-block-gallery-is-layout-flex\">\n<figure class=\"wp-block-image size-large\"><img loading=\"lazy\" decoding=\"async\" width=\"1024\" height=\"768\" data-id=\"1162\" src=\"https:\/\/www.skauti-plzen.cz\/modryutes\/wp-content\/uploads\/sites\/3\/2024\/09\/IMG_6885-1024x768.jpg\" alt=\"\" class=\"wp-image-1162\" srcset=\"https:\/\/www.skauti-plzen.cz\/modryutes\/wp-content\/uploads\/sites\/3\/2024\/09\/IMG_6885-1024x768.jpg 1024w, https:\/\/www.skauti-plzen.cz\/modryutes\/wp-content\/uploads\/sites\/3\/2024\/09\/IMG_6885-300x225.jpg 300w, https:\/\/www.skauti-plzen.cz\/modryutes\/wp-content\/uploads\/sites\/3\/2024\/09\/IMG_6885-768x576.jpg 768w, https:\/\/www.skauti-plzen.cz\/modryutes\/wp-content\/uploads\/sites\/3\/2024\/09\/IMG_6885-1536x1152.jpg 1536w, https:\/\/www.skauti-plzen.cz\/modryutes\/wp-content\/uploads\/sites\/3\/2024\/09\/IMG_6885-1200x900.jpg 1200w, https:\/\/www.skauti-plzen.cz\/modryutes\/wp-content\/uploads\/sites\/3\/2024\/09\/IMG_6885-1980x1485.jpg 1980w, https:\/\/www.skauti-plzen.cz\/modryutes\/wp-content\/uploads\/sites\/3\/2024\/09\/IMG_6885.jpg 2000w\" sizes=\"auto, (max-width: 1024px) 100vw, 1024px\" \/><\/figure>\n\n\n\n<figure class=\"wp-block-image size-large\"><img loading=\"lazy\" decoding=\"async\" width=\"770\" height=\"1024\" data-id=\"1160\" src=\"https:\/\/www.skauti-plzen.cz\/modryutes\/wp-content\/uploads\/sites\/3\/2024\/09\/IMG_6911-770x1024.jpg\" alt=\"\" class=\"wp-image-1160\" srcset=\"https:\/\/www.skauti-plzen.cz\/modryutes\/wp-content\/uploads\/sites\/3\/2024\/09\/IMG_6911-770x1024.jpg 770w, https:\/\/www.skauti-plzen.cz\/modryutes\/wp-content\/uploads\/sites\/3\/2024\/09\/IMG_6911-225x300.jpg 225w, https:\/\/www.skauti-plzen.cz\/modryutes\/wp-content\/uploads\/sites\/3\/2024\/09\/IMG_6911-768x1022.jpg 768w, https:\/\/www.skauti-plzen.cz\/modryutes\/wp-content\/uploads\/sites\/3\/2024\/09\/IMG_6911-1154x1536.jpg 1154w, https:\/\/www.skauti-plzen.cz\/modryutes\/wp-content\/uploads\/sites\/3\/2024\/09\/IMG_6911-1200x1597.jpg 1200w, https:\/\/www.skauti-plzen.cz\/modryutes\/wp-content\/uploads\/sites\/3\/2024\/09\/IMG_6911.jpg 1503w\" sizes=\"auto, (max-width: 770px) 100vw, 770px\" \/><\/figure>\n\n\n\n<figure class=\"wp-block-image size-large\"><img loading=\"lazy\" decoding=\"async\" width=\"1024\" height=\"768\" data-id=\"1163\" src=\"https:\/\/www.skauti-plzen.cz\/modryutes\/wp-content\/uploads\/sites\/3\/2024\/09\/IMG_6900-1024x768.jpg\" alt=\"\" class=\"wp-image-1163\" srcset=\"https:\/\/www.skauti-plzen.cz\/modryutes\/wp-content\/uploads\/sites\/3\/2024\/09\/IMG_6900-1024x768.jpg 1024w, https:\/\/www.skauti-plzen.cz\/modryutes\/wp-content\/uploads\/sites\/3\/2024\/09\/IMG_6900-300x225.jpg 300w, https:\/\/www.skauti-plzen.cz\/modryutes\/wp-content\/uploads\/sites\/3\/2024\/09\/IMG_6900-768x576.jpg 768w, https:\/\/www.skauti-plzen.cz\/modryutes\/wp-content\/uploads\/sites\/3\/2024\/09\/IMG_6900-1536x1152.jpg 1536w, https:\/\/www.skauti-plzen.cz\/modryutes\/wp-content\/uploads\/sites\/3\/2024\/09\/IMG_6900-1200x900.jpg 1200w, https:\/\/www.skauti-plzen.cz\/modryutes\/wp-content\/uploads\/sites\/3\/2024\/09\/IMG_6900-1980x1485.jpg 1980w, https:\/\/www.skauti-plzen.cz\/modryutes\/wp-content\/uploads\/sites\/3\/2024\/09\/IMG_6900.jpg 2000w\" sizes=\"auto, (max-width: 1024px) 100vw, 1024px\" \/><\/figure>\n\n\n\n<figure class=\"wp-block-image size-large\"><img loading=\"lazy\" decoding=\"async\" width=\"1024\" height=\"768\" data-id=\"1161\" src=\"https:\/\/www.skauti-plzen.cz\/modryutes\/wp-content\/uploads\/sites\/3\/2024\/09\/IMG_6892-1024x768.jpg\" alt=\"\" class=\"wp-image-1161\" srcset=\"https:\/\/www.skauti-plzen.cz\/modryutes\/wp-content\/uploads\/sites\/3\/2024\/09\/IMG_6892-1024x768.jpg 1024w, https:\/\/www.skauti-plzen.cz\/modryutes\/wp-content\/uploads\/sites\/3\/2024\/09\/IMG_6892-300x225.jpg 300w, https:\/\/www.skauti-plzen.cz\/modryutes\/wp-content\/uploads\/sites\/3\/2024\/09\/IMG_6892-768x576.jpg 768w, https:\/\/www.skauti-plzen.cz\/modryutes\/wp-content\/uploads\/sites\/3\/2024\/09\/IMG_6892-1536x1152.jpg 1536w, https:\/\/www.skauti-plzen.cz\/modryutes\/wp-content\/uploads\/sites\/3\/2024\/09\/IMG_6892-1200x900.jpg 1200w, https:\/\/www.skauti-plzen.cz\/modryutes\/wp-content\/uploads\/sites\/3\/2024\/09\/IMG_6892-1980x1485.jpg 1980w, https:\/\/www.skauti-plzen.cz\/modryutes\/wp-content\/uploads\/sites\/3\/2024\/09\/IMG_6892.jpg 2000w\" sizes=\"auto, (max-width: 1024px) 100vw, 1024px\" \/><\/figure>\n<\/figure>\n","protected":false},"excerpt":{"rendered":"<p>V\u00e1\u017een\u00ed rodi\u010de, n\u00ed\u017ee naleznete v\u00fdb\u011br fotek z v\u00fdpravy Khepery a Rychl\u00edk\u016f. V\u00fdprava se uskute\u010dnila b\u011bhem posledn\u00edho kr\u00e1sn\u00e9ho po\u010das\u00ed tohoto roku, alespo\u0148 s nejv\u011bt\u0161\u00ed pravd\u011bpodobnost\u00ed. Pokud by V\u00e1m pro dostate\u010dn\u00e9 vc\u00edt\u011bn\u00ed se do atmosf\u00e9ry \u0160umavy zalit\u00e9 sluncem nesta\u010dilo t\u011bchto p\u00e1r fotek, tak v\u00edcero jich m\u016f\u017eete naleznout na na\u0161em odd\u00edlov\u00e9m raj\u010deti \ud83d\ude42<\/p>\n","protected":false},"author":9,"featured_media":0,"comment_status":"closed","ping_status":"closed","sticky":false,"template":"","format":"standard","meta":{"footnotes":""},"categories":[1],"tags":[],"class_list":["post-1159","post","type-post","status-publish","format-standard","hentry","category-nezarazene"],"_links":{"self":[{"href":"https:\/\/www.skauti-plzen.cz\/modryutes\/wp-json\/wp\/v2\/posts\/1159","targetHints":{"allow":["GET"]}}],"collection":[{"href":"https:\/\/www.skauti-plzen.cz\/modryutes\/wp-json\/wp\/v2\/posts"}],"about":[{"href":"https:\/\/www.skauti-plzen.cz\/modryutes\/wp-json\/wp\/v2\/types\/post"}],"author":[{"embeddable":true,"href":"https:\/\/www.skauti-plzen.cz\/modryutes\/wp-json\/wp\/v2\/users\/9"}],"replies":[{"embeddable":true,"href":"https:\/\/www.skauti-plzen.cz\/modryutes\/wp-json\/wp\/v2\/comments?post=1159"}],"version-history":[{"count":1,"href":"https:\/\/www.skauti-plzen.cz\/modryutes\/wp-json\/wp\/v2\/posts\/1159\/revisions"}],"predecessor-version":[{"id":1164,"href":"https:\/\/www.skauti-plzen.cz\/modryutes\/wp-json\/wp\/v2\/posts\/1159\/revisions\/1164"}],"wp:attachment":[{"href":"https:\/\/www.skauti-plzen.cz\/modryutes\/wp-json\/wp\/v2\/media?parent=1159"}],"wp:term":[{"taxonomy":"category","embeddable":true,"href":"https:\/\/www.skauti-plzen.cz\/modryutes\/wp-json\/wp\/v2\/categories?post=1159"},{"taxonomy":"post_tag","embeddable":true,"href":"https:\/\/www.skauti-plzen.cz\/modryutes\/wp-json\/wp\/v2\/tags?post=1159"}],"curies":[{"name":"wp","href":"https:\/\/api.w.org\/{rel}","templated":true}]}}