{"id":1105,"date":"2024-05-29T17:07:20","date_gmt":"2024-05-29T15:07:20","guid":{"rendered":"https:\/\/www.skauti-plzen.cz\/modryutes\/?p=1105"},"modified":"2024-05-29T17:07:20","modified_gmt":"2024-05-29T15:07:20","slug":"cervnova-vyprava-kr","status":"publish","type":"post","link":"https:\/\/www.skauti-plzen.cz\/modryutes\/2024\/05\/29\/cervnova-vyprava-kr\/","title":{"rendered":"\u010cervnov\u00e1 v\u00fdprava K+R"},"content":{"rendered":"\n<p>V\u00e1\u017een\u00ed rodi\u010de,<\/p>\n\n\n\n<p>posledn\u00ed \u0159\u00e1dnou v\u00fdpravou v tomto \u0161koln\u00edm, respektive skautsk\u00e9m roce, bude pro dru\u017einu Khepery a Rychl\u00edk\u016f akce, p\u0159i kter\u00e9 se pod\u00edv\u00e1me k povod\u00ed \u0159eky \u00dahlavky. Bude se jednat o putovn\u00ed v\u00fdpravu, kde budeme sp\u00e1t pod hv\u011bzdami, tak\u017ee je ur\u010dit\u011b o\u010d st\u00e1t \ud83d\ude42<\/p>\n\n\n\n<figure class=\"wp-block-image size-large\"><img loading=\"lazy\" decoding=\"async\" width=\"724\" height=\"1024\" src=\"https:\/\/www.skauti-plzen.cz\/modryutes\/wp-content\/uploads\/sites\/3\/2024\/05\/Kopie-navrhu-Glum-Vyprava-na-klubovnu-724x1024.png\" alt=\"\" class=\"wp-image-1106\" srcset=\"https:\/\/www.skauti-plzen.cz\/modryutes\/wp-content\/uploads\/sites\/3\/2024\/05\/Kopie-navrhu-Glum-Vyprava-na-klubovnu-724x1024.png 724w, https:\/\/www.skauti-plzen.cz\/modryutes\/wp-content\/uploads\/sites\/3\/2024\/05\/Kopie-navrhu-Glum-Vyprava-na-klubovnu-212x300.png 212w, https:\/\/www.skauti-plzen.cz\/modryutes\/wp-content\/uploads\/sites\/3\/2024\/05\/Kopie-navrhu-Glum-Vyprava-na-klubovnu-768x1086.png 768w, https:\/\/www.skauti-plzen.cz\/modryutes\/wp-content\/uploads\/sites\/3\/2024\/05\/Kopie-navrhu-Glum-Vyprava-na-klubovnu-1086x1536.png 1086w, https:\/\/www.skauti-plzen.cz\/modryutes\/wp-content\/uploads\/sites\/3\/2024\/05\/Kopie-navrhu-Glum-Vyprava-na-klubovnu-1448x2048.png 1448w, https:\/\/www.skauti-plzen.cz\/modryutes\/wp-content\/uploads\/sites\/3\/2024\/05\/Kopie-navrhu-Glum-Vyprava-na-klubovnu-1200x1698.png 1200w, https:\/\/www.skauti-plzen.cz\/modryutes\/wp-content\/uploads\/sites\/3\/2024\/05\/Kopie-navrhu-Glum-Vyprava-na-klubovnu.png 1587w\" sizes=\"auto, (max-width: 724px) 100vw, 724px\" \/><\/figure>\n","protected":false},"excerpt":{"rendered":"<p>V\u00e1\u017een\u00ed rodi\u010de, posledn\u00ed \u0159\u00e1dnou v\u00fdpravou v tomto \u0161koln\u00edm, respektive skautsk\u00e9m roce, bude pro dru\u017einu Khepery a Rychl\u00edk\u016f akce, p\u0159i kter\u00e9 se pod\u00edv\u00e1me k povod\u00ed \u0159eky \u00dahlavky. Bude se jednat o putovn\u00ed v\u00fdpravu, kde budeme sp\u00e1t pod hv\u011bzdami, tak\u017ee je ur\u010dit\u011b o\u010d st\u00e1t \ud83d\ude42<\/p>\n","protected":false},"author":9,"featured_media":0,"comment_status":"closed","ping_status":"closed","sticky":false,"template":"","format":"standard","meta":{"footnotes":""},"categories":[1],"tags":[],"class_list":["post-1105","post","type-post","status-publish","format-standard","hentry","category-nezarazene"],"_links":{"self":[{"href":"https:\/\/www.skauti-plzen.cz\/modryutes\/wp-json\/wp\/v2\/posts\/1105","targetHints":{"allow":["GET"]}}],"collection":[{"href":"https:\/\/www.skauti-plzen.cz\/modryutes\/wp-json\/wp\/v2\/posts"}],"about":[{"href":"https:\/\/www.skauti-plzen.cz\/modryutes\/wp-json\/wp\/v2\/types\/post"}],"author":[{"embeddable":true,"href":"https:\/\/www.skauti-plzen.cz\/modryutes\/wp-json\/wp\/v2\/users\/9"}],"replies":[{"embeddable":true,"href":"https:\/\/www.skauti-plzen.cz\/modryutes\/wp-json\/wp\/v2\/comments?post=1105"}],"version-history":[{"count":1,"href":"https:\/\/www.skauti-plzen.cz\/modryutes\/wp-json\/wp\/v2\/posts\/1105\/revisions"}],"predecessor-version":[{"id":1107,"href":"https:\/\/www.skauti-plzen.cz\/modryutes\/wp-json\/wp\/v2\/posts\/1105\/revisions\/1107"}],"wp:attachment":[{"href":"https:\/\/www.skauti-plzen.cz\/modryutes\/wp-json\/wp\/v2\/media?parent=1105"}],"wp:term":[{"taxonomy":"category","embeddable":true,"href":"https:\/\/www.skauti-plzen.cz\/modryutes\/wp-json\/wp\/v2\/categories?post=1105"},{"taxonomy":"post_tag","embeddable":true,"href":"https:\/\/www.skauti-plzen.cz\/modryutes\/wp-json\/wp\/v2\/tags?post=1105"}],"curies":[{"name":"wp","href":"https:\/\/api.w.org\/{rel}","templated":true}]}}