{"id":1102,"date":"2024-05-29T17:04:02","date_gmt":"2024-05-29T15:04:02","guid":{"rendered":"https:\/\/www.skauti-plzen.cz\/modryutes\/?p=1102"},"modified":"2024-05-29T17:04:02","modified_gmt":"2024-05-29T15:04:02","slug":"exkurze-na-letiste-line","status":"publish","type":"post","link":"https:\/\/www.skauti-plzen.cz\/modryutes\/2024\/05\/29\/exkurze-na-letiste-line\/","title":{"rendered":"Exkurze na leti\u0161t\u011b L\u00edn\u011b"},"content":{"rendered":"\n<p>V\u00e1\u017een\u00ed rodi\u010de,<\/p>\n\n\n\n<p>poda\u0159ilo se n\u00e1m domluvit jedine\u010dnou exkurzi k leteck\u00e9 z\u00e1chrann\u00e9 slu\u017eb\u011b, kter\u00e1 s\u00eddl\u00ed na leti\u0161ti v L\u00edn\u00edch (na\u0161t\u011bst\u00ed n\u00e1m ho nezru\u0161ili). D\u011bti budou m\u00edt mo\u017enost si prohl\u00e9dnout cel\u00e9 leti\u0161t\u011b, z\u00e1zem\u00ed leteck\u00e9 z\u00e1chrann\u00e9 slu\u017eby, a to v\u0161echno v r\u00e1mci komentovan\u00e9 prohl\u00eddky.<\/p>\n\n\n\n<p>Jedn\u00e1 se o akci pro dru\u017einy Khepery a Rychl\u00edk\u016f, kter\u00e1 se uskute\u010dn\u00ed dne 6. 6. Ve\u0161ker\u00e9 konkr\u00e9tn\u00ed informace jste obdr\u017eeli do mailu, tak\u017ee nev\u00e1hejte Va\u0161e d\u011bti p\u0159ihl\u00e1sit.<\/p>\n\n\n\n<figure class=\"wp-block-image size-full\"><img loading=\"lazy\" decoding=\"async\" width=\"640\" height=\"369\" src=\"https:\/\/www.skauti-plzen.cz\/modryutes\/wp-content\/uploads\/sites\/3\/2024\/05\/640px-Czech_W-3_Sokol_8496_cropped.jpg\" alt=\"\" class=\"wp-image-1103\" srcset=\"https:\/\/www.skauti-plzen.cz\/modryutes\/wp-content\/uploads\/sites\/3\/2024\/05\/640px-Czech_W-3_Sokol_8496_cropped.jpg 640w, https:\/\/www.skauti-plzen.cz\/modryutes\/wp-content\/uploads\/sites\/3\/2024\/05\/640px-Czech_W-3_Sokol_8496_cropped-300x173.jpg 300w\" sizes=\"auto, (max-width: 640px) 100vw, 640px\" \/><\/figure>\n","protected":false},"excerpt":{"rendered":"<p>V\u00e1\u017een\u00ed rodi\u010de, poda\u0159ilo se n\u00e1m domluvit jedine\u010dnou exkurzi k leteck\u00e9 z\u00e1chrann\u00e9 slu\u017eb\u011b, kter\u00e1 s\u00eddl\u00ed na leti\u0161ti v L\u00edn\u00edch (na\u0161t\u011bst\u00ed n\u00e1m ho nezru\u0161ili). D\u011bti budou m\u00edt mo\u017enost si prohl\u00e9dnout cel\u00e9 leti\u0161t\u011b, z\u00e1zem\u00ed leteck\u00e9 z\u00e1chrann\u00e9 slu\u017eby, a to v\u0161echno v r\u00e1mci komentovan\u00e9 prohl\u00eddky. Jedn\u00e1 se o akci pro dru\u017einy Khepery a Rychl\u00edk\u016f, kter\u00e1 se uskute\u010dn\u00ed dne 6. [&hellip;]<\/p>\n","protected":false},"author":9,"featured_media":0,"comment_status":"closed","ping_status":"closed","sticky":false,"template":"","format":"standard","meta":{"footnotes":""},"categories":[1],"tags":[],"class_list":["post-1102","post","type-post","status-publish","format-standard","hentry","category-nezarazene"],"_links":{"self":[{"href":"https:\/\/www.skauti-plzen.cz\/modryutes\/wp-json\/wp\/v2\/posts\/1102","targetHints":{"allow":["GET"]}}],"collection":[{"href":"https:\/\/www.skauti-plzen.cz\/modryutes\/wp-json\/wp\/v2\/posts"}],"about":[{"href":"https:\/\/www.skauti-plzen.cz\/modryutes\/wp-json\/wp\/v2\/types\/post"}],"author":[{"embeddable":true,"href":"https:\/\/www.skauti-plzen.cz\/modryutes\/wp-json\/wp\/v2\/users\/9"}],"replies":[{"embeddable":true,"href":"https:\/\/www.skauti-plzen.cz\/modryutes\/wp-json\/wp\/v2\/comments?post=1102"}],"version-history":[{"count":1,"href":"https:\/\/www.skauti-plzen.cz\/modryutes\/wp-json\/wp\/v2\/posts\/1102\/revisions"}],"predecessor-version":[{"id":1104,"href":"https:\/\/www.skauti-plzen.cz\/modryutes\/wp-json\/wp\/v2\/posts\/1102\/revisions\/1104"}],"wp:attachment":[{"href":"https:\/\/www.skauti-plzen.cz\/modryutes\/wp-json\/wp\/v2\/media?parent=1102"}],"wp:term":[{"taxonomy":"category","embeddable":true,"href":"https:\/\/www.skauti-plzen.cz\/modryutes\/wp-json\/wp\/v2\/categories?post=1102"},{"taxonomy":"post_tag","embeddable":true,"href":"https:\/\/www.skauti-plzen.cz\/modryutes\/wp-json\/wp\/v2\/tags?post=1102"}],"curies":[{"name":"wp","href":"https:\/\/api.w.org\/{rel}","templated":true}]}}