{"id":1024,"date":"2024-02-05T10:13:57","date_gmt":"2024-02-05T09:13:57","guid":{"rendered":"https:\/\/www.skauti-plzen.cz\/modryutes\/?p=1024"},"modified":"2024-02-05T10:13:57","modified_gmt":"2024-02-05T09:13:57","slug":"oddilova-vyprava-do-klatov","status":"publish","type":"post","link":"https:\/\/www.skauti-plzen.cz\/modryutes\/2024\/02\/05\/oddilova-vyprava-do-klatov\/","title":{"rendered":"Odd\u00edlov\u00e1 v\u00fdprava do Klatov"},"content":{"rendered":"\n<p>V\u00e1\u017een\u00ed rodi\u010de,<\/p>\n\n\n\n<p>v m\u011bs\u00edci \u00fanoru se pod\u00edv\u00e1me s cel\u00fdm odd\u00edlem do Klatov, a to v term\u00ednu <br>23. &#8211; 25., krom\u011b sobotn\u00edho v\u00fdletu n\u00e1s v ned\u011bli bude \u010dekat tak\u00e9 objevov\u00e1n\u00ed pam\u00e1tek ve m\u011bst\u011b, bude skv\u011bl\u00e9 j\u00eddlo, dozajista tak\u00e9 skv\u011bl\u00e9 po\u010das\u00ed, tak\u017ee jednozna\u010dn\u011b jsou spln\u011bny v\u0161echny d\u016fvody, pro\u010d nev\u00e1hat a jet \ud83d\ude42<\/p>\n\n\n\n<figure class=\"wp-block-image size-large\"><img loading=\"lazy\" decoding=\"async\" width=\"724\" height=\"1024\" src=\"https:\/\/www.skauti-plzen.cz\/modryutes\/wp-content\/uploads\/sites\/3\/2024\/02\/23.-2.-25.-2.-2024-724x1024.png\" alt=\"\" class=\"wp-image-1025\" srcset=\"https:\/\/www.skauti-plzen.cz\/modryutes\/wp-content\/uploads\/sites\/3\/2024\/02\/23.-2.-25.-2.-2024-724x1024.png 724w, https:\/\/www.skauti-plzen.cz\/modryutes\/wp-content\/uploads\/sites\/3\/2024\/02\/23.-2.-25.-2.-2024-212x300.png 212w, https:\/\/www.skauti-plzen.cz\/modryutes\/wp-content\/uploads\/sites\/3\/2024\/02\/23.-2.-25.-2.-2024-768x1086.png 768w, https:\/\/www.skauti-plzen.cz\/modryutes\/wp-content\/uploads\/sites\/3\/2024\/02\/23.-2.-25.-2.-2024-1086x1536.png 1086w, https:\/\/www.skauti-plzen.cz\/modryutes\/wp-content\/uploads\/sites\/3\/2024\/02\/23.-2.-25.-2.-2024-1200x1697.png 1200w, https:\/\/www.skauti-plzen.cz\/modryutes\/wp-content\/uploads\/sites\/3\/2024\/02\/23.-2.-25.-2.-2024.png 1414w\" sizes=\"auto, (max-width: 724px) 100vw, 724px\" \/><\/figure>\n","protected":false},"excerpt":{"rendered":"<p>V\u00e1\u017een\u00ed rodi\u010de, v m\u011bs\u00edci \u00fanoru se pod\u00edv\u00e1me s cel\u00fdm odd\u00edlem do Klatov, a to v term\u00ednu 23. &#8211; 25., krom\u011b sobotn\u00edho v\u00fdletu n\u00e1s v ned\u011bli bude \u010dekat tak\u00e9 objevov\u00e1n\u00ed pam\u00e1tek ve m\u011bst\u011b, bude skv\u011bl\u00e9 j\u00eddlo, dozajista tak\u00e9 skv\u011bl\u00e9 po\u010das\u00ed, tak\u017ee jednozna\u010dn\u011b jsou spln\u011bny v\u0161echny d\u016fvody, pro\u010d nev\u00e1hat a jet \ud83d\ude42<\/p>\n","protected":false},"author":9,"featured_media":0,"comment_status":"closed","ping_status":"closed","sticky":false,"template":"","format":"standard","meta":{"footnotes":""},"categories":[1],"tags":[],"class_list":["post-1024","post","type-post","status-publish","format-standard","hentry","category-nezarazene"],"_links":{"self":[{"href":"https:\/\/www.skauti-plzen.cz\/modryutes\/wp-json\/wp\/v2\/posts\/1024","targetHints":{"allow":["GET"]}}],"collection":[{"href":"https:\/\/www.skauti-plzen.cz\/modryutes\/wp-json\/wp\/v2\/posts"}],"about":[{"href":"https:\/\/www.skauti-plzen.cz\/modryutes\/wp-json\/wp\/v2\/types\/post"}],"author":[{"embeddable":true,"href":"https:\/\/www.skauti-plzen.cz\/modryutes\/wp-json\/wp\/v2\/users\/9"}],"replies":[{"embeddable":true,"href":"https:\/\/www.skauti-plzen.cz\/modryutes\/wp-json\/wp\/v2\/comments?post=1024"}],"version-history":[{"count":1,"href":"https:\/\/www.skauti-plzen.cz\/modryutes\/wp-json\/wp\/v2\/posts\/1024\/revisions"}],"predecessor-version":[{"id":1026,"href":"https:\/\/www.skauti-plzen.cz\/modryutes\/wp-json\/wp\/v2\/posts\/1024\/revisions\/1026"}],"wp:attachment":[{"href":"https:\/\/www.skauti-plzen.cz\/modryutes\/wp-json\/wp\/v2\/media?parent=1024"}],"wp:term":[{"taxonomy":"category","embeddable":true,"href":"https:\/\/www.skauti-plzen.cz\/modryutes\/wp-json\/wp\/v2\/categories?post=1024"},{"taxonomy":"post_tag","embeddable":true,"href":"https:\/\/www.skauti-plzen.cz\/modryutes\/wp-json\/wp\/v2\/tags?post=1024"}],"curies":[{"name":"wp","href":"https:\/\/api.w.org\/{rel}","templated":true}]}}