{"id":1,"date":"2020-08-21T20:25:45","date_gmt":"2020-08-21T18:25:45","guid":{"rendered":"http:\/\/www.skauti-plzen.cz\/modryutes\/?p=1"},"modified":"2020-08-23T13:01:59","modified_gmt":"2020-08-23T11:01:59","slug":"ahoj-vsichni","status":"publish","type":"post","link":"https:\/\/www.skauti-plzen.cz\/modryutes\/2020\/08\/21\/ahoj-vsichni\/","title":{"rendered":"Nov\u00fd rok"},"content":{"rendered":"\n<p>V\u00e1\u017een\u00ed rodi\u010de,<br>nov\u00fd skautsk\u00fd rok se n\u00e1m ji\u017e bl\u00ed\u017e\u00ed a s n\u00edm p\u0159ich\u00e1z\u00ed i ka\u017edoro\u010dn\u00ed dilema term\u00edn\u016f sch\u016fzek.<br><br>Vzhledem k tomu, \u017ee letos velk\u00e1 \u010d\u00e1st z n\u00e1s p\u0159ech\u00e1z\u00ed na vysokou \u0161kolu a nov\u00e9 rozvrhy n\u00e1m je\u0161t\u011b nejsou pln\u011b zn\u00e1my, rozhodli jsme se prozat\u00edm pro n\u00e1sleduj\u00edc\u00ed \u010dasy sch\u016fzek:<\/p>\n\n\n\n<p><strong>Rychl\u00edci a Khepera:<\/strong><br>\u010dtvrtek 17:00 &#8211; 19:00<br>prvn\u00ed sch\u016fzka bude 3.9.<br><br><strong>Li\u0161ti\u010dky:<\/strong> <br>\u00fater\u00fd 18:00 &#8211; 19:30<br>prvn\u00ed sch\u016fzka bude 8.9.<br>S p\u0159\u00edpadn\u00fdmi v\u00fdhradami k \u010das\u016fm, \u010di n\u00e1vrhy na jejich zm\u011bnu se pros\u00edm obracejte k r\u00e1dc\u016fm jednotliv\u00fdch dru\u017ein:<\/p>\n\n\n\n<p><strong>Khepera a Rychl\u00edci:&nbsp;<\/strong><br>Anton\u00edn Voj\u00e1\u010dek &#8211; Radar<br><a href=\"mailto:radar@modryutes.cz\">radar@modryutes.cz<\/a><br>+420 722 812 085<\/p>\n\n\n\n<p><strong>Li\u0161ti\u010dky:<\/strong><br>Adam Ladman &#8211; Checht\u00e1k<br><a href=\"mailto:chechtak@modryutes.cz\">chechtak@modryutes.cz<\/a><br>+420 602 420 333<\/p>\n\n\n\n<p>Z\u00e1rove\u0148 je ji\u017e domluven prvn\u00ed term\u00edn dru\u017einov\u00fdch v\u00fdprav, kter\u00e9 se budou konat o v\u00edkendu 18. a\u017e 20.9.&nbsp;Bli\u017e\u0161\u00ed informace k v\u00fdprav\u00e1m V\u00e1m budou zasl\u00e1ny za\u010d\u00e1tkem z\u00e1\u0159\u00ed a d\u011bti je obdr\u017e\u00ed na jedn\u00e9 z prvn\u00edch sch\u016fzek.<br><br>D\u011bkujeme za pochopen\u00ed a brzy navid\u011bnou!<br>Modr\u00fd \u00dates<\/p>\n","protected":false},"excerpt":{"rendered":"<p>V\u00e1\u017een\u00ed rodi\u010de,nov\u00fd skautsk\u00fd rok se n\u00e1m ji\u017e bl\u00ed\u017e\u00ed a s n\u00edm p\u0159ich\u00e1z\u00ed i ka\u017edoro\u010dn\u00ed dilema term\u00edn\u016f sch\u016fzek. Vzhledem k tomu, \u017ee letos velk\u00e1 \u010d\u00e1st z n\u00e1s p\u0159ech\u00e1z\u00ed na vysokou \u0161kolu a nov\u00e9 rozvrhy n\u00e1m je\u0161t\u011b nejsou pln\u011b zn\u00e1my, rozhodli jsme se prozat\u00edm pro n\u00e1sleduj\u00edc\u00ed \u010dasy sch\u016fzek: Rychl\u00edci a Khepera:\u010dtvrtek 17:00 &#8211; 19:00prvn\u00ed sch\u016fzka bude 3.9. [&hellip;]<\/p>\n","protected":false},"author":1,"featured_media":0,"comment_status":"open","ping_status":"open","sticky":false,"template":"","format":"standard","meta":{"footnotes":""},"categories":[1],"tags":[],"class_list":["post-1","post","type-post","status-publish","format-standard","hentry","category-nezarazene"],"_links":{"self":[{"href":"https:\/\/www.skauti-plzen.cz\/modryutes\/wp-json\/wp\/v2\/posts\/1","targetHints":{"allow":["GET"]}}],"collection":[{"href":"https:\/\/www.skauti-plzen.cz\/modryutes\/wp-json\/wp\/v2\/posts"}],"about":[{"href":"https:\/\/www.skauti-plzen.cz\/modryutes\/wp-json\/wp\/v2\/types\/post"}],"author":[{"embeddable":true,"href":"https:\/\/www.skauti-plzen.cz\/modryutes\/wp-json\/wp\/v2\/users\/1"}],"replies":[{"embeddable":true,"href":"https:\/\/www.skauti-plzen.cz\/modryutes\/wp-json\/wp\/v2\/comments?post=1"}],"version-history":[{"count":2,"href":"https:\/\/www.skauti-plzen.cz\/modryutes\/wp-json\/wp\/v2\/posts\/1\/revisions"}],"predecessor-version":[{"id":94,"href":"https:\/\/www.skauti-plzen.cz\/modryutes\/wp-json\/wp\/v2\/posts\/1\/revisions\/94"}],"wp:attachment":[{"href":"https:\/\/www.skauti-plzen.cz\/modryutes\/wp-json\/wp\/v2\/media?parent=1"}],"wp:term":[{"taxonomy":"category","embeddable":true,"href":"https:\/\/www.skauti-plzen.cz\/modryutes\/wp-json\/wp\/v2\/categories?post=1"},{"taxonomy":"post_tag","embeddable":true,"href":"https:\/\/www.skauti-plzen.cz\/modryutes\/wp-json\/wp\/v2\/tags?post=1"}],"curies":[{"name":"wp","href":"https:\/\/api.w.org\/{rel}","templated":true}]}}