{"id":616,"date":"2022-09-28T13:33:37","date_gmt":"2022-09-28T11:33:37","guid":{"rendered":"https:\/\/www.skauti-plzen.cz\/bilyutes\/?p=616"},"modified":"2022-09-28T13:33:37","modified_gmt":"2022-09-28T11:33:37","slug":"strasidelny-les-2","status":"publish","type":"post","link":"https:\/\/www.skauti-plzen.cz\/bilyutes\/2022\/09\/28\/strasidelny-les-2\/","title":{"rendered":"Stra\u0161ideln\u00fd les"},"content":{"rendered":"\n<p>2. 9. 2022 n\u00e1\u0161 odd\u00edl po\u0159\u00e1dal akci pro ve\u0159ejnost &#8222;Stra\u0161ideln\u00fd les&#8220;. Akce se uskute\u010dnila v parku Homolka a \u00fa\u010dastnilo se p\u0159es 200 lid\u00ed. <\/p>\n\n\n\n<p>Stra\u0161ideln\u00fd les se n\u00e1m poda\u0159il uspo\u0159\u00e1dat d\u00edky projektu MiNiGRANTY VEOLIA.<\/p>\n\n\n\n<figure class=\"wp-block-image size-large\"><img loading=\"lazy\" decoding=\"async\" width=\"683\" height=\"1024\" src=\"https:\/\/www.skauti-plzen.cz\/bilyutes\/wp-content\/uploads\/sites\/5\/2022\/09\/DSC4437-683x1024.jpg\" alt=\"\" class=\"wp-image-619\" srcset=\"https:\/\/www.skauti-plzen.cz\/bilyutes\/wp-content\/uploads\/sites\/5\/2022\/09\/DSC4437-683x1024.jpg 683w, https:\/\/www.skauti-plzen.cz\/bilyutes\/wp-content\/uploads\/sites\/5\/2022\/09\/DSC4437-200x300.jpg 200w, https:\/\/www.skauti-plzen.cz\/bilyutes\/wp-content\/uploads\/sites\/5\/2022\/09\/DSC4437-768x1152.jpg 768w, https:\/\/www.skauti-plzen.cz\/bilyutes\/wp-content\/uploads\/sites\/5\/2022\/09\/DSC4437-1024x1536.jpg 1024w, https:\/\/www.skauti-plzen.cz\/bilyutes\/wp-content\/uploads\/sites\/5\/2022\/09\/DSC4437-1365x2048.jpg 1365w, https:\/\/www.skauti-plzen.cz\/bilyutes\/wp-content\/uploads\/sites\/5\/2022\/09\/DSC4437-1200x1800.jpg 1200w, https:\/\/www.skauti-plzen.cz\/bilyutes\/wp-content\/uploads\/sites\/5\/2022\/09\/DSC4437-1980x2970.jpg 1980w, https:\/\/www.skauti-plzen.cz\/bilyutes\/wp-content\/uploads\/sites\/5\/2022\/09\/DSC4437-scaled.jpg 1707w\" sizes=\"auto, (max-width: 683px) 100vw, 683px\" \/><\/figure>\n","protected":false},"excerpt":{"rendered":"<p>2. 9. 2022 n\u00e1\u0161 odd\u00edl po\u0159\u00e1dal akci pro ve\u0159ejnost &#8222;Stra\u0161ideln\u00fd les&#8220;. Akce se uskute\u010dnila v parku Homolka a \u00fa\u010dastnilo se p\u0159es 200 lid\u00ed. Stra\u0161ideln\u00fd les se n\u00e1m poda\u0159il uspo\u0159\u00e1dat d\u00edky projektu MiNiGRANTY VEOLIA.<\/p>\n","protected":false},"author":3,"featured_media":617,"comment_status":"closed","ping_status":"closed","sticky":false,"template":"","format":"standard","meta":{"footnotes":""},"categories":[1],"tags":[],"class_list":["post-616","post","type-post","status-publish","format-standard","has-post-thumbnail","hentry","category-nezarazene"],"_links":{"self":[{"href":"https:\/\/www.skauti-plzen.cz\/bilyutes\/wp-json\/wp\/v2\/posts\/616","targetHints":{"allow":["GET"]}}],"collection":[{"href":"https:\/\/www.skauti-plzen.cz\/bilyutes\/wp-json\/wp\/v2\/posts"}],"about":[{"href":"https:\/\/www.skauti-plzen.cz\/bilyutes\/wp-json\/wp\/v2\/types\/post"}],"author":[{"embeddable":true,"href":"https:\/\/www.skauti-plzen.cz\/bilyutes\/wp-json\/wp\/v2\/users\/3"}],"replies":[{"embeddable":true,"href":"https:\/\/www.skauti-plzen.cz\/bilyutes\/wp-json\/wp\/v2\/comments?post=616"}],"version-history":[{"count":2,"href":"https:\/\/www.skauti-plzen.cz\/bilyutes\/wp-json\/wp\/v2\/posts\/616\/revisions"}],"predecessor-version":[{"id":620,"href":"https:\/\/www.skauti-plzen.cz\/bilyutes\/wp-json\/wp\/v2\/posts\/616\/revisions\/620"}],"wp:featuredmedia":[{"embeddable":true,"href":"https:\/\/www.skauti-plzen.cz\/bilyutes\/wp-json\/wp\/v2\/media\/617"}],"wp:attachment":[{"href":"https:\/\/www.skauti-plzen.cz\/bilyutes\/wp-json\/wp\/v2\/media?parent=616"}],"wp:term":[{"taxonomy":"category","embeddable":true,"href":"https:\/\/www.skauti-plzen.cz\/bilyutes\/wp-json\/wp\/v2\/categories?post=616"},{"taxonomy":"post_tag","embeddable":true,"href":"https:\/\/www.skauti-plzen.cz\/bilyutes\/wp-json\/wp\/v2\/tags?post=616"}],"curies":[{"name":"wp","href":"https:\/\/api.w.org\/{rel}","templated":true}]}}